{"id":7022,"date":"2021-05-12T12:06:09","date_gmt":"2021-05-12T10:06:09","guid":{"rendered":"https:\/\/www.domusbegur.com\/festes-edeveniments-culturals-begur-girona\/"},"modified":"2021-05-12T12:06:10","modified_gmt":"2021-05-12T10:06:10","slug":"festes-edeveniments-culturals-begur-girona","status":"publish","type":"post","link":"https:\/\/www.domusbegur.com\/ca\/festes-edeveniments-culturals-begur-girona\/","title":{"rendered":"Festes i Esdeveniments Culturals a Begur 2021"},"content":{"rendered":"\n<h1 class=\"wp-block-heading\">Calendari de festes i Esdeveniments culturals de Begur 2021<\/h1>\n\n<p>Encarem el 2021 amb optimisme i noves energies! Aqu\u00ed trobar\u00e0s alguns dels pr\u00f2xims concerts, festes i esdeveniments culturals o esportives que ja tenen data per a aquest 2021<\/p>\n\n<p>L&#8217;any passat es va veure disminu\u00efda l&#8217;activitat tur\u00edstica i cultural, per\u00f2 ara, esperem tenir un millor panorama sobretot despr\u00e9s de l&#8217;estiu i cap a finals d&#8217;any gr\u00e0cies a la vacunaci\u00f3, la cooperaci\u00f3 de la societat i l&#8217;aguant de tots els que respectem les mesures.<\/p>\n\n<p>Aquest estiu el turisme intern segurament ser\u00e0 de nou la millor opci\u00f3 per als espanyols i quina millor manera d&#8217;aprofitar-ho que visitant la Costa Brava i quedar-nos en un <a href=\"https:\/\/www.domusbegur.com\/ca\/lloguer-apartaments-cases-vacances-begur-costa-brava\/\">Apartament de Domus Begur<\/a> 100% segur.<\/p>\n\n<h2 class=\"wp-block-heading\"><strong>Agenda Cultural i festes a Begur, Girona<\/strong><\/h2>\n\n<h2 class=\"wp-block-heading\"><strong>Festa Major de Sant Pere de Begur<\/strong><\/h2>\n\n<p>Com \u00e9s costum, donarem inici a l&#8217;estiu en la tercera setmana de juny amb La Festa Major de Sant Pere, patr\u00f3 del municipi. On tindrem concerts, fira de productes artesanals, teatre, balls i m\u00e9s.<\/p>\n\n<h2 class=\"wp-block-heading\"><strong>Festival de M\u00fasica de Begur 2021<\/strong><\/h2>\n\n<p>Una s\u00e8rie de concerts, cada divendres des del 27 de Juliol al 24 d&#8217;agost, en llocs emblem\u00e0tics de Begur com: el Centre Cultural \u2018Escoles Velles\u2019, el Mes d&#8217;en Pinc, el nucli antic de Esclany\u00e0, Pl. de la Vila i Sa Estudiantina.<\/p>\n\n<h2 class=\"wp-block-heading\"><strong>XLII Cantada d&#8217;Havaneres<\/strong><\/h2>\n\n<p>Una nit de ritme i sabor amb mescles cubanes i europees. La cantada d\u2019havaneres t\u00e9 la seva pr\u00f2xima edici\u00f3 el 07 d&#8217;Agost de 08 de 2021. I com de costum els diners recol\u00b7lectats en les entrades ser\u00e0 donat a causes ben\u00e8fiques.<\/p>\n\n<h3 class=\"wp-block-heading\"><strong>Fira Indians a Begur<\/strong><\/h3>\n\n<p>El 3, 4 i 5 de setembre 2021 Begur rememora el seu passat hist\u00f2ric i la seva relaci\u00f3 amb Cuba. En aquests 3 dies els carrers i places s&#8217;omplen de m\u00fasica, cultura, entreteniment i productes locals.<\/p>\n\n<h3 class=\"wp-block-heading\">Festa Major de Santa Reparada<\/h3>\n\n<p>L&#8217;any 2020 es va dur a terme complint les mesures sanit\u00e0ries, per la qual cosa esperem amb total seguretat que el tercer cap de setmana de setembre gaudirem de nou de m\u00fasica, entreteniment i ball; tancant aix\u00ed les activitats estivals.<\/p>\n\n<h2 class=\"wp-block-heading\"><strong>Pr\u00f2xims esdeveniments esportius a Begur<\/strong><\/h2>\n\n<h3 class=\"wp-block-heading\"><strong>X Copa Marnaton eDreams 2021<\/strong><\/h3>\n\n<p>El 6 de juny arriba a Begur la desena edici\u00f3 d&#8217;aquest esdeveniment, que m\u00e9s que una compet\u00e8ncia de nataci\u00f3 en aig\u00fces obertes, \u00e9s un moviment que posa en valor la bellesa de l&#8217;entorn natural de la regi\u00f3, les seves belles cales i penya-segats.<\/p>\n\n<h3 class=\"wp-block-heading\"><strong>MIC Footbal queda ajornat fins a 2022<\/strong><\/h3>\n\n<p>Lamentablement, a principi d&#8217;any es va decidir posposar el reconegut torneig internacional de futbol basi MICFootball. Haurem d&#8217;esperar fins l&#8217;any vinent.<\/p>\n\n<h3 class=\"wp-block-heading\"><strong>Ciclisme, trekking i trail running a Begur<\/strong><\/h3>\n\n<p>Encara que Begur \u00e9s una excel\u00b7lent seu per a esdeveniments esportius com a carreres de muntanya o ciclisme, encara falten dates per confirmar. No obstant aix\u00f2, sempre que no hi hagi restriccions de mobilitat, es podran gaudir les ja conegudes rutes de la zona.<\/p>\n\n<p>Encara queden per confirmar moltes dates de diversos esdeveniments esportius, obres de teatre, concerts de m\u00fasica cl\u00e0ssica i de grups locals. No obstant aix\u00f2, enguany les projeccions s\u00f3n molt millors que les de l&#8217;any anterior, i per aix\u00f2 des de la <a href=\"https:\/\/www.domusbegur.com\/ca\/\"><strong>Immobili\u00e0ria Domus Begur<\/strong> <\/a>estarem esperant-te per a brindar-te una estada inoblidable.<\/p>\n","protected":false},"excerpt":{"rendered":"<p>Calendari de festes i Esdeveniments culturals de Begur 2021 Encarem el 2021 amb optimisme i noves energies! Aqu\u00ed trobar\u00e0s alguns dels pr\u00f2xims concerts, festes i esdeveniments culturals o esportives que ja tenen data per a aquest 2021 L&#8217;any passat es va veure disminu\u00efda l&#8217;activitat tur\u00edstica i cultural, per\u00f2 ara, esperem tenir un millor panorama sobretot [&hellip;]<\/p>\n","protected":false},"author":2,"featured_media":6867,"comment_status":"open","ping_status":"open","sticky":false,"template":"","format":"standard","meta":{"footnotes":""},"categories":[9],"tags":[],"class_list":["post-7022","post","type-post","status-publish","format-standard","has-post-thumbnail","hentry","category-sense-categoria"],"yoast_head":"<!-- This site is optimized with the Yoast SEO plugin v27.5 - https:\/\/yoast.com\/product\/yoast-seo-wordpress\/ -->\n<title>Festes i Esdeveniments Culturals a Begur 2021 - Domus Begur - Servicios Inmobiliarios<\/title>\n<meta name=\"description\" content=\"Descobreix el calendari de Festes de Begur per a aquest 2021. Consulta aqu\u00ed l&#039;agenda cultural: festes majors, festivals, havaneres, fira d&#039;Indians i molt m\u00e9s.\" \/>\n<meta name=\"robots\" content=\"index, follow, max-snippet:-1, max-image-preview:large, max-video-preview:-1\" \/>\n<link rel=\"canonical\" href=\"https:\/\/www.domusbegur.com\/ca\/festes-edeveniments-culturals-begur-girona\/\" \/>\n<meta property=\"og:locale\" content=\"ca_ES\" \/>\n<meta property=\"og:type\" content=\"article\" \/>\n<meta property=\"og:title\" content=\"Festes i Esdeveniments Culturals a Begur 2021 - Domus Begur - Servicios Inmobiliarios\" \/>\n<meta property=\"og:description\" content=\"Descobreix el calendari de Festes de Begur per a aquest 2021. Consulta aqu\u00ed l&#039;agenda cultural: festes majors, festivals, havaneres, fira d&#039;Indians i molt m\u00e9s.\" \/>\n<meta property=\"og:url\" content=\"https:\/\/www.domusbegur.com\/ca\/festes-edeveniments-culturals-begur-girona\/\" \/>\n<meta property=\"og:site_name\" content=\"Domus Begur - Servicios Inmobiliarios\" \/>\n<meta property=\"article:published_time\" content=\"2021-05-12T10:06:09+00:00\" \/>\n<meta property=\"article:modified_time\" content=\"2021-05-12T10:06:10+00:00\" \/>\n<meta property=\"og:image\" content=\"https:\/\/www.domusbegur.com\/wp-content\/uploads\/2020\/12\/domus-begur-que-hacer-invierno-begur.jpg\" \/>\n\t<meta property=\"og:image:width\" content=\"1280\" \/>\n\t<meta property=\"og:image:height\" content=\"720\" \/>\n\t<meta property=\"og:image:type\" content=\"image\/jpeg\" \/>\n<meta name=\"author\" content=\"Jimmy van der Velden\" \/>\n<meta name=\"twitter:card\" content=\"summary_large_image\" \/>\n<meta name=\"twitter:label1\" content=\"Escrit per\" \/>\n\t<meta name=\"twitter:data1\" content=\"Jimmy van der Velden\" \/>\n\t<meta name=\"twitter:label2\" content=\"Temps estimat de lectura\" \/>\n\t<meta name=\"twitter:data2\" content=\"3 minuts\" \/>\n<script type=\"application\/ld+json\" class=\"yoast-schema-graph\">{\"@context\":\"https:\\\/\\\/schema.org\",\"@graph\":[{\"@type\":\"Article\",\"@id\":\"https:\\\/\\\/www.domusbegur.com\\\/ca\\\/festes-edeveniments-culturals-begur-girona\\\/#article\",\"isPartOf\":{\"@id\":\"https:\\\/\\\/www.domusbegur.com\\\/ca\\\/festes-edeveniments-culturals-begur-girona\\\/\"},\"author\":{\"name\":\"Jimmy van der Velden\",\"@id\":\"https:\\\/\\\/www.domusbegur.com\\\/ca\\\/#\\\/schema\\\/person\\\/5f12b46c02215760f92ae7cddd1e7086\"},\"headline\":\"Festes i Esdeveniments Culturals a Begur 2021\",\"datePublished\":\"2021-05-12T10:06:09+00:00\",\"dateModified\":\"2021-05-12T10:06:10+00:00\",\"mainEntityOfPage\":{\"@id\":\"https:\\\/\\\/www.domusbegur.com\\\/ca\\\/festes-edeveniments-culturals-begur-girona\\\/\"},\"wordCount\":557,\"commentCount\":0,\"publisher\":{\"@id\":\"https:\\\/\\\/www.domusbegur.com\\\/ca\\\/#organization\"},\"image\":{\"@id\":\"https:\\\/\\\/www.domusbegur.com\\\/ca\\\/festes-edeveniments-culturals-begur-girona\\\/#primaryimage\"},\"thumbnailUrl\":\"https:\\\/\\\/www.domusbegur.com\\\/wp-content\\\/uploads\\\/2020\\\/12\\\/domus-begur-que-hacer-invierno-begur.jpg\",\"inLanguage\":\"ca\",\"potentialAction\":[{\"@type\":\"CommentAction\",\"name\":\"Comment\",\"target\":[\"https:\\\/\\\/www.domusbegur.com\\\/ca\\\/festes-edeveniments-culturals-begur-girona\\\/#respond\"]}]},{\"@type\":\"WebPage\",\"@id\":\"https:\\\/\\\/www.domusbegur.com\\\/ca\\\/festes-edeveniments-culturals-begur-girona\\\/\",\"url\":\"https:\\\/\\\/www.domusbegur.com\\\/ca\\\/festes-edeveniments-culturals-begur-girona\\\/\",\"name\":\"Festes i Esdeveniments Culturals a Begur 2021 - Domus Begur - Servicios Inmobiliarios\",\"isPartOf\":{\"@id\":\"https:\\\/\\\/www.domusbegur.com\\\/ca\\\/#website\"},\"primaryImageOfPage\":{\"@id\":\"https:\\\/\\\/www.domusbegur.com\\\/ca\\\/festes-edeveniments-culturals-begur-girona\\\/#primaryimage\"},\"image\":{\"@id\":\"https:\\\/\\\/www.domusbegur.com\\\/ca\\\/festes-edeveniments-culturals-begur-girona\\\/#primaryimage\"},\"thumbnailUrl\":\"https:\\\/\\\/www.domusbegur.com\\\/wp-content\\\/uploads\\\/2020\\\/12\\\/domus-begur-que-hacer-invierno-begur.jpg\",\"datePublished\":\"2021-05-12T10:06:09+00:00\",\"dateModified\":\"2021-05-12T10:06:10+00:00\",\"description\":\"Descobreix el calendari de Festes de Begur per a aquest 2021. Consulta aqu\u00ed l'agenda cultural: festes majors, festivals, havaneres, fira d'Indians i molt m\u00e9s.\",\"breadcrumb\":{\"@id\":\"https:\\\/\\\/www.domusbegur.com\\\/ca\\\/festes-edeveniments-culturals-begur-girona\\\/#breadcrumb\"},\"inLanguage\":\"ca\",\"potentialAction\":[{\"@type\":\"ReadAction\",\"target\":[\"https:\\\/\\\/www.domusbegur.com\\\/ca\\\/festes-edeveniments-culturals-begur-girona\\\/\"]}]},{\"@type\":\"BreadcrumbList\",\"@id\":\"https:\\\/\\\/www.domusbegur.com\\\/ca\\\/festes-edeveniments-culturals-begur-girona\\\/#breadcrumb\",\"itemListElement\":[{\"@type\":\"ListItem\",\"position\":1,\"name\":\"Inicio\",\"item\":\"https:\\\/\\\/www.domusbegur.com\\\/ca\\\/\"},{\"@type\":\"ListItem\",\"position\":2,\"name\":\"Festes i Esdeveniments Culturals a Begur 2021\"}]},{\"@type\":\"WebSite\",\"@id\":\"https:\\\/\\\/www.domusbegur.com\\\/ca\\\/#website\",\"url\":\"https:\\\/\\\/www.domusbegur.com\\\/ca\\\/\",\"name\":\"Domus Begur - Servicios Inmobiliarios\",\"description\":\"La mejor selecci\u00f3n de casas y apartamentos en la Costa Brava\",\"publisher\":{\"@id\":\"https:\\\/\\\/www.domusbegur.com\\\/ca\\\/#organization\"},\"potentialAction\":[{\"@type\":\"SearchAction\",\"target\":{\"@type\":\"EntryPoint\",\"urlTemplate\":\"https:\\\/\\\/www.domusbegur.com\\\/rental-results\\\/?search_text={search_term_string}\"},\"query-input\":{\"@type\":\"PropertyValueSpecification\",\"valueRequired\":true,\"valueName\":\"search_term_string\"}}],\"inLanguage\":\"ca\"},{\"@type\":\"Organization\",\"@id\":\"https:\\\/\\\/www.domusbegur.com\\\/ca\\\/#organization\",\"name\":\"Domus Begur - Serveis Immobiliaris\",\"url\":\"https:\\\/\\\/www.domusbegur.com\\\/ca\\\/\",\"logo\":{\"@type\":\"ImageObject\",\"inLanguage\":\"ca\",\"@id\":\"https:\\\/\\\/www.domusbegur.com\\\/ca\\\/#\\\/schema\\\/logo\\\/image\\\/\",\"url\":\"https:\\\/\\\/www.domusbegur.com\\\/wp-content\\\/uploads\\\/2020\\\/02\\\/Logo_domus.png\",\"contentUrl\":\"https:\\\/\\\/www.domusbegur.com\\\/wp-content\\\/uploads\\\/2020\\\/02\\\/Logo_domus.png\",\"width\":166,\"height\":173,\"caption\":\"Domus Begur - Serveis Immobiliaris\"},\"image\":{\"@id\":\"https:\\\/\\\/www.domusbegur.com\\\/ca\\\/#\\\/schema\\\/logo\\\/image\\\/\"}},{\"@type\":\"Person\",\"@id\":\"https:\\\/\\\/www.domusbegur.com\\\/ca\\\/#\\\/schema\\\/person\\\/5f12b46c02215760f92ae7cddd1e7086\",\"name\":\"Jimmy van der Velden\",\"image\":{\"@type\":\"ImageObject\",\"inLanguage\":\"ca\",\"@id\":\"https:\\\/\\\/secure.gravatar.com\\\/avatar\\\/5a3618c0c9ab5904487e6b7a51124dcf7b589fb56304d29e76511688741d7330?s=96&d=mm&r=g\",\"url\":\"https:\\\/\\\/secure.gravatar.com\\\/avatar\\\/5a3618c0c9ab5904487e6b7a51124dcf7b589fb56304d29e76511688741d7330?s=96&d=mm&r=g\",\"contentUrl\":\"https:\\\/\\\/secure.gravatar.com\\\/avatar\\\/5a3618c0c9ab5904487e6b7a51124dcf7b589fb56304d29e76511688741d7330?s=96&d=mm&r=g\",\"caption\":\"Jimmy van der Velden\"},\"sameAs\":[\"https:\\\/\\\/www.domusbegur.com\"],\"url\":\"https:\\\/\\\/www.domusbegur.com\\\/ca\\\/author\\\/domus-begur\\\/\"}]}<\/script>\n<!-- \/ Yoast SEO plugin. -->","yoast_head_json":{"title":"Festes i Esdeveniments Culturals a Begur 2021 - Domus Begur - Servicios Inmobiliarios","description":"Descobreix el calendari de Festes de Begur per a aquest 2021. Consulta aqu\u00ed l'agenda cultural: festes majors, festivals, havaneres, fira d'Indians i molt m\u00e9s.","robots":{"index":"index","follow":"follow","max-snippet":"max-snippet:-1","max-image-preview":"max-image-preview:large","max-video-preview":"max-video-preview:-1"},"canonical":"https:\/\/www.domusbegur.com\/ca\/festes-edeveniments-culturals-begur-girona\/","og_locale":"ca_ES","og_type":"article","og_title":"Festes i Esdeveniments Culturals a Begur 2021 - Domus Begur - Servicios Inmobiliarios","og_description":"Descobreix el calendari de Festes de Begur per a aquest 2021. Consulta aqu\u00ed l'agenda cultural: festes majors, festivals, havaneres, fira d'Indians i molt m\u00e9s.","og_url":"https:\/\/www.domusbegur.com\/ca\/festes-edeveniments-culturals-begur-girona\/","og_site_name":"Domus Begur - Servicios Inmobiliarios","article_published_time":"2021-05-12T10:06:09+00:00","article_modified_time":"2021-05-12T10:06:10+00:00","og_image":[{"width":1280,"height":720,"url":"https:\/\/www.domusbegur.com\/wp-content\/uploads\/2020\/12\/domus-begur-que-hacer-invierno-begur.jpg","type":"image\/jpeg"}],"author":"Jimmy van der Velden","twitter_card":"summary_large_image","twitter_misc":{"Escrit per":"Jimmy van der Velden","Temps estimat de lectura":"3 minuts"},"schema":{"@context":"https:\/\/schema.org","@graph":[{"@type":"Article","@id":"https:\/\/www.domusbegur.com\/ca\/festes-edeveniments-culturals-begur-girona\/#article","isPartOf":{"@id":"https:\/\/www.domusbegur.com\/ca\/festes-edeveniments-culturals-begur-girona\/"},"author":{"name":"Jimmy van der Velden","@id":"https:\/\/www.domusbegur.com\/ca\/#\/schema\/person\/5f12b46c02215760f92ae7cddd1e7086"},"headline":"Festes i Esdeveniments Culturals a Begur 2021","datePublished":"2021-05-12T10:06:09+00:00","dateModified":"2021-05-12T10:06:10+00:00","mainEntityOfPage":{"@id":"https:\/\/www.domusbegur.com\/ca\/festes-edeveniments-culturals-begur-girona\/"},"wordCount":557,"commentCount":0,"publisher":{"@id":"https:\/\/www.domusbegur.com\/ca\/#organization"},"image":{"@id":"https:\/\/www.domusbegur.com\/ca\/festes-edeveniments-culturals-begur-girona\/#primaryimage"},"thumbnailUrl":"https:\/\/www.domusbegur.com\/wp-content\/uploads\/2020\/12\/domus-begur-que-hacer-invierno-begur.jpg","inLanguage":"ca","potentialAction":[{"@type":"CommentAction","name":"Comment","target":["https:\/\/www.domusbegur.com\/ca\/festes-edeveniments-culturals-begur-girona\/#respond"]}]},{"@type":"WebPage","@id":"https:\/\/www.domusbegur.com\/ca\/festes-edeveniments-culturals-begur-girona\/","url":"https:\/\/www.domusbegur.com\/ca\/festes-edeveniments-culturals-begur-girona\/","name":"Festes i Esdeveniments Culturals a Begur 2021 - Domus Begur - Servicios Inmobiliarios","isPartOf":{"@id":"https:\/\/www.domusbegur.com\/ca\/#website"},"primaryImageOfPage":{"@id":"https:\/\/www.domusbegur.com\/ca\/festes-edeveniments-culturals-begur-girona\/#primaryimage"},"image":{"@id":"https:\/\/www.domusbegur.com\/ca\/festes-edeveniments-culturals-begur-girona\/#primaryimage"},"thumbnailUrl":"https:\/\/www.domusbegur.com\/wp-content\/uploads\/2020\/12\/domus-begur-que-hacer-invierno-begur.jpg","datePublished":"2021-05-12T10:06:09+00:00","dateModified":"2021-05-12T10:06:10+00:00","description":"Descobreix el calendari de Festes de Begur per a aquest 2021. Consulta aqu\u00ed l'agenda cultural: festes majors, festivals, havaneres, fira d'Indians i molt m\u00e9s.","breadcrumb":{"@id":"https:\/\/www.domusbegur.com\/ca\/festes-edeveniments-culturals-begur-girona\/#breadcrumb"},"inLanguage":"ca","potentialAction":[{"@type":"ReadAction","target":["https:\/\/www.domusbegur.com\/ca\/festes-edeveniments-culturals-begur-girona\/"]}]},{"@type":"BreadcrumbList","@id":"https:\/\/www.domusbegur.com\/ca\/festes-edeveniments-culturals-begur-girona\/#breadcrumb","itemListElement":[{"@type":"ListItem","position":1,"name":"Inicio","item":"https:\/\/www.domusbegur.com\/ca\/"},{"@type":"ListItem","position":2,"name":"Festes i Esdeveniments Culturals a Begur 2021"}]},{"@type":"WebSite","@id":"https:\/\/www.domusbegur.com\/ca\/#website","url":"https:\/\/www.domusbegur.com\/ca\/","name":"Domus Begur - Servicios Inmobiliarios","description":"La mejor selecci\u00f3n de casas y apartamentos en la Costa Brava","publisher":{"@id":"https:\/\/www.domusbegur.com\/ca\/#organization"},"potentialAction":[{"@type":"SearchAction","target":{"@type":"EntryPoint","urlTemplate":"https:\/\/www.domusbegur.com\/rental-results\/?search_text={search_term_string}"},"query-input":{"@type":"PropertyValueSpecification","valueRequired":true,"valueName":"search_term_string"}}],"inLanguage":"ca"},{"@type":"Organization","@id":"https:\/\/www.domusbegur.com\/ca\/#organization","name":"Domus Begur - Serveis Immobiliaris","url":"https:\/\/www.domusbegur.com\/ca\/","logo":{"@type":"ImageObject","inLanguage":"ca","@id":"https:\/\/www.domusbegur.com\/ca\/#\/schema\/logo\/image\/","url":"https:\/\/www.domusbegur.com\/wp-content\/uploads\/2020\/02\/Logo_domus.png","contentUrl":"https:\/\/www.domusbegur.com\/wp-content\/uploads\/2020\/02\/Logo_domus.png","width":166,"height":173,"caption":"Domus Begur - Serveis Immobiliaris"},"image":{"@id":"https:\/\/www.domusbegur.com\/ca\/#\/schema\/logo\/image\/"}},{"@type":"Person","@id":"https:\/\/www.domusbegur.com\/ca\/#\/schema\/person\/5f12b46c02215760f92ae7cddd1e7086","name":"Jimmy van der Velden","image":{"@type":"ImageObject","inLanguage":"ca","@id":"https:\/\/secure.gravatar.com\/avatar\/5a3618c0c9ab5904487e6b7a51124dcf7b589fb56304d29e76511688741d7330?s=96&d=mm&r=g","url":"https:\/\/secure.gravatar.com\/avatar\/5a3618c0c9ab5904487e6b7a51124dcf7b589fb56304d29e76511688741d7330?s=96&d=mm&r=g","contentUrl":"https:\/\/secure.gravatar.com\/avatar\/5a3618c0c9ab5904487e6b7a51124dcf7b589fb56304d29e76511688741d7330?s=96&d=mm&r=g","caption":"Jimmy van der Velden"},"sameAs":["https:\/\/www.domusbegur.com"],"url":"https:\/\/www.domusbegur.com\/ca\/author\/domus-begur\/"}]}},"_links":{"self":[{"href":"https:\/\/www.domusbegur.com\/ca\/wp-json\/wp\/v2\/posts\/7022","targetHints":{"allow":["GET"]}}],"collection":[{"href":"https:\/\/www.domusbegur.com\/ca\/wp-json\/wp\/v2\/posts"}],"about":[{"href":"https:\/\/www.domusbegur.com\/ca\/wp-json\/wp\/v2\/types\/post"}],"author":[{"embeddable":true,"href":"https:\/\/www.domusbegur.com\/ca\/wp-json\/wp\/v2\/users\/2"}],"replies":[{"embeddable":true,"href":"https:\/\/www.domusbegur.com\/ca\/wp-json\/wp\/v2\/comments?post=7022"}],"version-history":[{"count":0,"href":"https:\/\/www.domusbegur.com\/ca\/wp-json\/wp\/v2\/posts\/7022\/revisions"}],"wp:featuredmedia":[{"embeddable":true,"href":"https:\/\/www.domusbegur.com\/ca\/wp-json\/wp\/v2\/media\/6867"}],"wp:attachment":[{"href":"https:\/\/www.domusbegur.com\/ca\/wp-json\/wp\/v2\/media?parent=7022"}],"wp:term":[{"taxonomy":"category","embeddable":true,"href":"https:\/\/www.domusbegur.com\/ca\/wp-json\/wp\/v2\/categories?post=7022"},{"taxonomy":"post_tag","embeddable":true,"href":"https:\/\/www.domusbegur.com\/ca\/wp-json\/wp\/v2\/tags?post=7022"}],"curies":[{"name":"wp","href":"https:\/\/api.w.org\/{rel}","templated":true}]}}