{"id":7734,"date":"2022-12-22T15:43:24","date_gmt":"2022-12-22T14:43:24","guid":{"rendered":"https:\/\/www.domusbegur.com\/?p=7734"},"modified":"2022-12-22T15:43:25","modified_gmt":"2022-12-22T14:43:25","slug":"fira-dels-indians-begur","status":"publish","type":"post","link":"https:\/\/www.domusbegur.com\/ca\/fira-dels-indians-begur\/","title":{"rendered":"La Fira dels Indians de Begur"},"content":{"rendered":"\t\t<div data-elementor-type=\"wp-post\" data-elementor-id=\"7734\" class=\"elementor elementor-7734 elementor-7733\" data-elementor-post-type=\"post\">\n\t\t\t\t\t\t<section class=\"elementor-section elementor-top-section elementor-element elementor-element-628c772 elementor-section-boxed elementor-section-height-default elementor-section-height-default\" data-id=\"628c772\" data-element_type=\"section\" data-e-type=\"section\" data-settings=\"{&quot;background_background&quot;:&quot;classic&quot;}\">\n\t\t\t\t\t\t<div class=\"elementor-container elementor-column-gap-default\">\n\t\t\t\t\t<div class=\"elementor-column elementor-col-100 elementor-top-column elementor-element elementor-element-ada8b39\" data-id=\"ada8b39\" data-element_type=\"column\" data-e-type=\"column\">\n\t\t\t<div class=\"elementor-widget-wrap elementor-element-populated\">\n\t\t\t\t\t\t<div class=\"elementor-element elementor-element-42b40f1 elementor-widget elementor-widget-text-editor\" data-id=\"42b40f1\" data-element_type=\"widget\" data-e-type=\"widget\" data-widget_type=\"text-editor.default\">\n\t\t\t\t\t\t\t\t\t<p>Any rere any, durant el primer cap de setmana de setembre, la localitat de <strong>Begur<\/strong> s&#8217;omple de tem\u00e0tica indiana amb motiu de la celebraci\u00f3 de la <strong>fira dels indians<\/strong>. Despr\u00e9s de l&#8217;\u00e8xit de la seva primera edici\u00f3 l&#8217;any 2004 la fira s&#8217;ha celebrat de manera ininterrompuda i forma part de la tradici\u00f3 begurenca.<\/p>\n<p>Des de <strong>Dommus Begur<\/strong> t&#8217;expliquem l&#8217;origen de la fira i tot el que necessites saber per a gaudir d&#8217;aquesta incre\u00efble festivitat. Vine i gaudeix de la fira dels indians de <strong>Begur<\/strong> en una de les <strong><a href=\"https:\/\/www.domusbegur.com\/ca\/lloguer-apartaments-cases-vacances-begur-costa-brava\/\">nostres cases, viles i apartaments.<\/a><\/strong><\/p>\n<p>&nbsp;<\/p>\n\t\t\t\t\t\t\t\t<\/div>\n\t\t\t\t\t<\/div>\n\t\t<\/div>\n\t\t\t\t\t<\/div>\n\t\t<\/section>\n\t\t\t\t<section class=\"elementor-section elementor-top-section elementor-element elementor-element-f9ca448 elementor-section-boxed elementor-section-height-default elementor-section-height-default\" data-id=\"f9ca448\" data-element_type=\"section\" data-e-type=\"section\">\n\t\t\t\t\t\t<div class=\"elementor-container elementor-column-gap-default\">\n\t\t\t\t\t<div class=\"elementor-column elementor-col-100 elementor-top-column elementor-element elementor-element-766e2e5\" data-id=\"766e2e5\" data-element_type=\"column\" data-e-type=\"column\">\n\t\t\t<div class=\"elementor-widget-wrap elementor-element-populated\">\n\t\t\t\t\t\t<div class=\"elementor-element elementor-element-b467ae5 elementor-widget elementor-widget-heading\" data-id=\"b467ae5\" data-element_type=\"widget\" data-e-type=\"widget\" data-widget_type=\"heading.default\">\n\t\t\t\t\t<h2 class=\"elementor-heading-title elementor-size-default\">Origen de la tradici\u00f3 indiana <\/h2>\t\t\t\t<\/div>\n\t\t\t\t<div class=\"elementor-element elementor-element-65e4b4f elementor-widget elementor-widget-text-editor\" data-id=\"65e4b4f\" data-element_type=\"widget\" data-e-type=\"widget\" data-widget_type=\"text-editor.default\">\n\t\t\t\t\t\t\t\t\t<p>Durant el segle XIX, moguts per la <strong>crisi del camp catal\u00e0<\/strong>, molts begurencs van emigrar a l&#8217;illa de Cuba amb l&#8217;objectiu de fer fortuna. Alguns d&#8217;ells, denominats els \u201c<strong>americans<\/strong>\u201d, van triomfar en la seva comesa i posteriorment van tornar a la seva localitat natal. Despr\u00e9s de la seva volta van construir ostentoses mansions privades i van contribuir econ\u00f2micament a l&#8217;edificaci\u00f3 d&#8217;obres p\u00fabliques.<\/p>\n\t\t\t\t\t\t\t\t<\/div>\n\t\t\t\t<div class=\"elementor-element elementor-element-e40b8b4 elementor-widget elementor-widget-heading\" data-id=\"e40b8b4\" data-element_type=\"widget\" data-e-type=\"widget\" data-widget_type=\"heading.default\">\n\t\t\t\t\t<h2 class=\"elementor-heading-title elementor-size-default\">Influencia Indiana a Begur<\/h2>\t\t\t\t<\/div>\n\t\t\t\t<div class=\"elementor-element elementor-element-d7447f0 elementor-widget elementor-widget-text-editor\" data-id=\"d7447f0\" data-element_type=\"widget\" data-e-type=\"widget\" data-widget_type=\"text-editor.default\">\n\t\t\t\t\t\t\t\t\t<p>En l&#8217;actualitat el major exponent de la influ\u00e8ncia indiana en la localitat \u00e9s l&#8217;arquitectura. Begur compta amb nombroses edificacions d&#8217;estil indiana i fins i tot s&#8217;ha creat una ruta per a visitar les m\u00e9s de 15 que trobem repartides per tota la vila. La influ\u00e8ncia va ser tal que fins i tot el propi <strong>ajuntament de Begur<\/strong> segueix aquest estil. A m\u00e9s de l&#8217;arquitectura, la influ\u00e8ncia de l&#8217;estil de vida de Cuba va abra\u00e7ar altres \u00e0mbits de la vida dels seus habitants, com la gastronomia i la m\u00fasica.<\/p>\n\t\t\t\t\t\t\t\t<\/div>\n\t\t\t\t<div class=\"elementor-element elementor-element-252098f elementor-widget elementor-widget-heading\" data-id=\"252098f\" data-element_type=\"widget\" data-e-type=\"widget\" data-widget_type=\"heading.default\">\n\t\t\t\t\t<h2 class=\"elementor-heading-title elementor-size-default\">Esdeveniments de la fira dels indians de Begur<\/h2>\t\t\t\t<\/div>\n\t\t\t\t<div class=\"elementor-element elementor-element-8351779 elementor-widget elementor-widget-text-editor\" data-id=\"8351779\" data-element_type=\"widget\" data-e-type=\"widget\" data-widget_type=\"text-editor.default\">\n\t\t\t\t\t\t\t\t\t<p>El primer cap de setmana de setembre, <strong>Begur<\/strong> es transforma amb l&#8217;objectiu de reviure el per\u00edode hist\u00f2ric de tornada dels \u201c<strong>americans<\/strong>\u201d que ha deixat una profunda petjada en l&#8217;aspecte de la vila i la identitat dels seus habitants. Durant la fira es programen m\u00faltiples activitats: actuacions <strong>musicals de ritme cub\u00e0, havaneres, espectacles de carrer<\/strong> recreant l&#8217;\u00e8poca indiana i m\u00e9s.<\/p>\n<p>La majoria dels esdeveniments se celebren en el <strong>centre hist\u00f2ric de Begur<\/strong> a excepci\u00f3 d&#8217;aquells de car\u00e0cter musical que se situen al <strong>parc de la Arbreda.<\/strong><\/p>\n\t\t\t\t\t\t\t\t<\/div>\n\t\t\t\t<div class=\"elementor-element elementor-element-cf61a10 elementor-widget elementor-widget-heading\" data-id=\"cf61a10\" data-element_type=\"widget\" data-e-type=\"widget\" data-widget_type=\"heading.default\">\n\t\t\t\t\t<h3 class=\"elementor-heading-title elementor-size-default\">Mercat indi\u00e0<\/h3>\t\t\t\t<\/div>\n\t\t\t\t<div class=\"elementor-element elementor-element-e299221 elementor-widget elementor-widget-text-editor\" data-id=\"e299221\" data-element_type=\"widget\" data-e-type=\"widget\" data-widget_type=\"text-editor.default\">\n\t\t\t\t\t\t\t\t\t<p>Un dels esdeveniments de m\u00e9s \u00e8xit \u00e9s el <strong>mercat de productes d&#8217;ultramar<\/strong> i <strong>mostra d&#8217;oficis<\/strong>. En ell podem trobar tant productes com demostracions d&#8217;oficis t\u00edpics de l&#8217;\u00e8poca indiana. A m\u00e9s a m\u00e9s, podr\u00e0s degustar productes tan propis de Cuba com el caf\u00e8, rom, cacau o esp\u00e8cies i assistir a alguna de les demostracions d&#8217;oficis com a ferrer, terrissaire o pescador amb xarxes i nusos.<\/p>\n\t\t\t\t\t\t\t\t<\/div>\n\t\t\t\t<div class=\"elementor-element elementor-element-62ca0c3 elementor-widget elementor-widget-heading\" data-id=\"62ca0c3\" data-element_type=\"widget\" data-e-type=\"widget\" data-widget_type=\"heading.default\">\n\t\t\t\t\t<h3 class=\"elementor-heading-title elementor-size-default\">Activitats de la fira dels indians<\/h3>\t\t\t\t<\/div>\n\t\t\t\t<div class=\"elementor-element elementor-element-17be1b9 elementor-widget elementor-widget-text-editor\" data-id=\"17be1b9\" data-element_type=\"widget\" data-e-type=\"widget\" data-widget_type=\"text-editor.default\">\n\t\t\t\t\t\t\t\t\t<p>Durant la festivitat tamb\u00e9 s&#8217;organitzen una \u00e0mplia varietat d&#8217;esdeveniments culturals. Malgrat que aquests solen variar any rere any, els m\u00e9s freq\u00fcents s\u00f3n entrevistes, confer\u00e8ncies, documentals i taules rodones on s&#8217;analitza i divulga sobre el llegat dels \u201camericans\u201d<\/p>\n\t\t\t\t\t\t\t\t<\/div>\n\t\t\t\t<div class=\"elementor-element elementor-element-dce863e elementor-widget elementor-widget-heading\" data-id=\"dce863e\" data-element_type=\"widget\" data-e-type=\"widget\" data-widget_type=\"heading.default\">\n\t\t\t\t\t<h3 class=\"elementor-heading-title elementor-size-default\">Exposici\u00f3 de la fira dels indians<\/h3>\t\t\t\t<\/div>\n\t\t\t\t<div class=\"elementor-element elementor-element-922ba3f elementor-widget elementor-widget-text-editor\" data-id=\"922ba3f\" data-element_type=\"widget\" data-e-type=\"widget\" data-widget_type=\"text-editor.default\">\n\t\t\t\t\t\t\t\t\t<p>Any rere any s&#8217;organitza una exposici\u00f3 sobre alguna tem\u00e0tica relacionada amb la cultura indiana, alguns exemples s\u00f3n la fira dels jardins indians celebrada el 2019 o la dels oficis indians del 2017.<\/p>\n<p>Aquesta exposici\u00f3 pot visitar-se per compte propi, encara que tamb\u00e9 \u00e9s possible inscriure&#8217;s en una de les visites guiades que s&#8217;ofereix en els seg\u00fcents idiomes: catal\u00e0, castell\u00e0, angl\u00e8s i franc\u00e8s.<\/p>\n\t\t\t\t\t\t\t\t<\/div>\n\t\t\t\t\t<\/div>\n\t\t<\/div>\n\t\t\t\t\t<\/div>\n\t\t<\/section>\n\t\t\t\t<section class=\"elementor-section elementor-top-section elementor-element elementor-element-37e43d8 elementor-section-boxed elementor-section-height-default elementor-section-height-default\" data-id=\"37e43d8\" data-element_type=\"section\" data-e-type=\"section\">\n\t\t\t\t\t\t<div class=\"elementor-container elementor-column-gap-default\">\n\t\t\t\t\t<div class=\"elementor-column elementor-col-100 elementor-top-column elementor-element elementor-element-46f2700\" data-id=\"46f2700\" data-element_type=\"column\" data-e-type=\"column\">\n\t\t\t<div class=\"elementor-widget-wrap elementor-element-populated\">\n\t\t\t\t\t\t<div class=\"elementor-element elementor-element-72f4a85 elementor-widget elementor-widget-text-editor\" data-id=\"72f4a85\" data-element_type=\"widget\" data-e-type=\"widget\" data-widget_type=\"text-editor.default\">\n\t\t\t\t\t\t\t\t\t<p>En Dommus Begur t&#8217;oferim tot el que necessites per a gaudir de la fira dels indians de Begur. Vina i relaxa&#8217;t en una de les <a href=\"https:\/\/www.domusbegur.com\/ca\/lloguer-apartaments-cases-vacances-begur-costa-brava\/\">nostres cases, viles o apartaments<\/a> , de Begur.<\/p>\n<p>&nbsp;<\/p>\n\t\t\t\t\t\t\t\t<\/div>\n\t\t\t\t\t<\/div>\n\t\t<\/div>\n\t\t\t\t\t<\/div>\n\t\t<\/section>\n\t\t\t\t<\/div>\n\t\t","protected":false},"excerpt":{"rendered":"<p>Any rere any, durant el primer cap de setmana de setembre, la localitat de Begur s&#8217;omple de tem\u00e0tica indiana amb motiu de la celebraci\u00f3 de la fira dels indians. Despr\u00e9s de l&#8217;\u00e8xit de la seva primera edici\u00f3 l&#8217;any 2004 la fira s&#8217;ha celebrat de manera ininterrompuda i forma part de la tradici\u00f3 begurenca.<\/p>\n","protected":false},"author":2,"featured_media":7775,"comment_status":"open","ping_status":"open","sticky":false,"template":"","format":"standard","meta":{"footnotes":""},"categories":[9],"tags":[92,94,93,95,96],"class_list":["post-7734","post","type-post","status-publish","format-standard","has-post-thumbnail","hentry","category-sense-categoria","tag-begur-cuban-festival","tag-centre-historic-de-begur-ajuntament-de-begur","tag-fira-del-indians","tag-mercat-de-productes-dultramar-de-begur","tag-mostra-doficis-de-begur"],"yoast_head":"<!-- This site is optimized with the Yoast SEO plugin v27.5 - https:\/\/yoast.com\/product\/yoast-seo-wordpress\/ -->\n<title>Fira dels indians Begur, Costa Brava | Domus Begur<\/title>\n<meta name=\"description\" content=\"Descobreix amb Domus Begur un dels actes m\u00e9s populars del municipi, la fira dels indians. Gaudeix del Begur Cuban Festival.\" \/>\n<meta name=\"robots\" content=\"index, follow, max-snippet:-1, max-image-preview:large, max-video-preview:-1\" \/>\n<link rel=\"canonical\" href=\"https:\/\/www.domusbegur.com\/ca\/fira-dels-indians-begur\/\" \/>\n<meta property=\"og:locale\" content=\"ca_ES\" \/>\n<meta property=\"og:type\" content=\"article\" \/>\n<meta property=\"og:title\" content=\"Fira dels indians Begur, Costa Brava | Domus Begur\" \/>\n<meta property=\"og:description\" content=\"Descobreix amb Domus Begur un dels actes m\u00e9s populars del municipi, la fira dels indians. Gaudeix del Begur Cuban Festival.\" \/>\n<meta property=\"og:url\" content=\"https:\/\/www.domusbegur.com\/ca\/fira-dels-indians-begur\/\" \/>\n<meta property=\"og:site_name\" content=\"Domus Begur - Servicios Inmobiliarios\" \/>\n<meta property=\"article:published_time\" content=\"2022-12-22T14:43:24+00:00\" \/>\n<meta property=\"article:modified_time\" content=\"2022-12-22T14:43:25+00:00\" \/>\n<meta property=\"og:image\" content=\"https:\/\/www.domusbegur.com\/wp-content\/uploads\/2022\/06\/indianos-domus.jpg\" \/>\n\t<meta property=\"og:image:width\" content=\"1280\" \/>\n\t<meta property=\"og:image:height\" content=\"720\" \/>\n\t<meta property=\"og:image:type\" content=\"image\/jpeg\" \/>\n<meta name=\"author\" content=\"Jimmy van der Velden\" \/>\n<meta name=\"twitter:card\" content=\"summary_large_image\" \/>\n<meta name=\"twitter:label1\" content=\"Escrit per\" \/>\n\t<meta name=\"twitter:data1\" content=\"Jimmy van der Velden\" \/>\n\t<meta name=\"twitter:label2\" content=\"Temps estimat de lectura\" \/>\n\t<meta name=\"twitter:data2\" content=\"3 minuts\" \/>\n<script type=\"application\/ld+json\" class=\"yoast-schema-graph\">{\"@context\":\"https:\\\/\\\/schema.org\",\"@graph\":[{\"@type\":\"Article\",\"@id\":\"https:\\\/\\\/www.domusbegur.com\\\/ca\\\/fira-dels-indians-begur\\\/#article\",\"isPartOf\":{\"@id\":\"https:\\\/\\\/www.domusbegur.com\\\/ca\\\/fira-dels-indians-begur\\\/\"},\"author\":{\"name\":\"Jimmy van der Velden\",\"@id\":\"https:\\\/\\\/www.domusbegur.com\\\/ca\\\/#\\\/schema\\\/person\\\/5f12b46c02215760f92ae7cddd1e7086\"},\"headline\":\"La Fira dels Indians de Begur\",\"datePublished\":\"2022-12-22T14:43:24+00:00\",\"dateModified\":\"2022-12-22T14:43:25+00:00\",\"mainEntityOfPage\":{\"@id\":\"https:\\\/\\\/www.domusbegur.com\\\/ca\\\/fira-dels-indians-begur\\\/\"},\"wordCount\":627,\"commentCount\":0,\"publisher\":{\"@id\":\"https:\\\/\\\/www.domusbegur.com\\\/ca\\\/#organization\"},\"image\":{\"@id\":\"https:\\\/\\\/www.domusbegur.com\\\/ca\\\/fira-dels-indians-begur\\\/#primaryimage\"},\"thumbnailUrl\":\"https:\\\/\\\/www.domusbegur.com\\\/wp-content\\\/uploads\\\/2022\\\/06\\\/indianos-domus.jpg\",\"keywords\":[\"begur cuban festival\",\"centre hist\u00f2ric de begur, ajuntament de begur\",\"Fira del indians\",\"mercat de productes d'ultramar de Begur\",\"mostra d'oficis de begur\"],\"inLanguage\":\"ca\",\"potentialAction\":[{\"@type\":\"CommentAction\",\"name\":\"Comment\",\"target\":[\"https:\\\/\\\/www.domusbegur.com\\\/ca\\\/fira-dels-indians-begur\\\/#respond\"]}]},{\"@type\":\"WebPage\",\"@id\":\"https:\\\/\\\/www.domusbegur.com\\\/ca\\\/fira-dels-indians-begur\\\/\",\"url\":\"https:\\\/\\\/www.domusbegur.com\\\/ca\\\/fira-dels-indians-begur\\\/\",\"name\":\"Fira dels indians Begur, Costa Brava | Domus Begur\",\"isPartOf\":{\"@id\":\"https:\\\/\\\/www.domusbegur.com\\\/ca\\\/#website\"},\"primaryImageOfPage\":{\"@id\":\"https:\\\/\\\/www.domusbegur.com\\\/ca\\\/fira-dels-indians-begur\\\/#primaryimage\"},\"image\":{\"@id\":\"https:\\\/\\\/www.domusbegur.com\\\/ca\\\/fira-dels-indians-begur\\\/#primaryimage\"},\"thumbnailUrl\":\"https:\\\/\\\/www.domusbegur.com\\\/wp-content\\\/uploads\\\/2022\\\/06\\\/indianos-domus.jpg\",\"datePublished\":\"2022-12-22T14:43:24+00:00\",\"dateModified\":\"2022-12-22T14:43:25+00:00\",\"description\":\"Descobreix amb Domus Begur un dels actes m\u00e9s populars del municipi, la fira dels indians. Gaudeix del Begur Cuban Festival.\",\"breadcrumb\":{\"@id\":\"https:\\\/\\\/www.domusbegur.com\\\/ca\\\/fira-dels-indians-begur\\\/#breadcrumb\"},\"inLanguage\":\"ca\",\"potentialAction\":[{\"@type\":\"ReadAction\",\"target\":[\"https:\\\/\\\/www.domusbegur.com\\\/ca\\\/fira-dels-indians-begur\\\/\"]}]},{\"@type\":\"BreadcrumbList\",\"@id\":\"https:\\\/\\\/www.domusbegur.com\\\/ca\\\/fira-dels-indians-begur\\\/#breadcrumb\",\"itemListElement\":[{\"@type\":\"ListItem\",\"position\":1,\"name\":\"Inicio\",\"item\":\"https:\\\/\\\/www.domusbegur.com\\\/ca\\\/\"},{\"@type\":\"ListItem\",\"position\":2,\"name\":\"La Fira dels Indians de Begur\"}]},{\"@type\":\"WebSite\",\"@id\":\"https:\\\/\\\/www.domusbegur.com\\\/ca\\\/#website\",\"url\":\"https:\\\/\\\/www.domusbegur.com\\\/ca\\\/\",\"name\":\"Domus Begur - Servicios Inmobiliarios\",\"description\":\"La mejor selecci\u00f3n de casas y apartamentos en la Costa Brava\",\"publisher\":{\"@id\":\"https:\\\/\\\/www.domusbegur.com\\\/ca\\\/#organization\"},\"potentialAction\":[{\"@type\":\"SearchAction\",\"target\":{\"@type\":\"EntryPoint\",\"urlTemplate\":\"https:\\\/\\\/www.domusbegur.com\\\/rental-results\\\/?search_text={search_term_string}\"},\"query-input\":{\"@type\":\"PropertyValueSpecification\",\"valueRequired\":true,\"valueName\":\"search_term_string\"}}],\"inLanguage\":\"ca\"},{\"@type\":\"Organization\",\"@id\":\"https:\\\/\\\/www.domusbegur.com\\\/ca\\\/#organization\",\"name\":\"Domus Begur - Serveis Immobiliaris\",\"url\":\"https:\\\/\\\/www.domusbegur.com\\\/ca\\\/\",\"logo\":{\"@type\":\"ImageObject\",\"inLanguage\":\"ca\",\"@id\":\"https:\\\/\\\/www.domusbegur.com\\\/ca\\\/#\\\/schema\\\/logo\\\/image\\\/\",\"url\":\"https:\\\/\\\/www.domusbegur.com\\\/wp-content\\\/uploads\\\/2020\\\/02\\\/Logo_domus.png\",\"contentUrl\":\"https:\\\/\\\/www.domusbegur.com\\\/wp-content\\\/uploads\\\/2020\\\/02\\\/Logo_domus.png\",\"width\":166,\"height\":173,\"caption\":\"Domus Begur - Serveis Immobiliaris\"},\"image\":{\"@id\":\"https:\\\/\\\/www.domusbegur.com\\\/ca\\\/#\\\/schema\\\/logo\\\/image\\\/\"}},{\"@type\":\"Person\",\"@id\":\"https:\\\/\\\/www.domusbegur.com\\\/ca\\\/#\\\/schema\\\/person\\\/5f12b46c02215760f92ae7cddd1e7086\",\"name\":\"Jimmy van der Velden\",\"image\":{\"@type\":\"ImageObject\",\"inLanguage\":\"ca\",\"@id\":\"https:\\\/\\\/secure.gravatar.com\\\/avatar\\\/5a3618c0c9ab5904487e6b7a51124dcf7b589fb56304d29e76511688741d7330?s=96&d=mm&r=g\",\"url\":\"https:\\\/\\\/secure.gravatar.com\\\/avatar\\\/5a3618c0c9ab5904487e6b7a51124dcf7b589fb56304d29e76511688741d7330?s=96&d=mm&r=g\",\"contentUrl\":\"https:\\\/\\\/secure.gravatar.com\\\/avatar\\\/5a3618c0c9ab5904487e6b7a51124dcf7b589fb56304d29e76511688741d7330?s=96&d=mm&r=g\",\"caption\":\"Jimmy van der Velden\"},\"sameAs\":[\"https:\\\/\\\/www.domusbegur.com\"],\"url\":\"https:\\\/\\\/www.domusbegur.com\\\/ca\\\/author\\\/domus-begur\\\/\"}]}<\/script>\n<!-- \/ Yoast SEO plugin. -->","yoast_head_json":{"title":"Fira dels indians Begur, Costa Brava | Domus Begur","description":"Descobreix amb Domus Begur un dels actes m\u00e9s populars del municipi, la fira dels indians. Gaudeix del Begur Cuban Festival.","robots":{"index":"index","follow":"follow","max-snippet":"max-snippet:-1","max-image-preview":"max-image-preview:large","max-video-preview":"max-video-preview:-1"},"canonical":"https:\/\/www.domusbegur.com\/ca\/fira-dels-indians-begur\/","og_locale":"ca_ES","og_type":"article","og_title":"Fira dels indians Begur, Costa Brava | Domus Begur","og_description":"Descobreix amb Domus Begur un dels actes m\u00e9s populars del municipi, la fira dels indians. Gaudeix del Begur Cuban Festival.","og_url":"https:\/\/www.domusbegur.com\/ca\/fira-dels-indians-begur\/","og_site_name":"Domus Begur - Servicios Inmobiliarios","article_published_time":"2022-12-22T14:43:24+00:00","article_modified_time":"2022-12-22T14:43:25+00:00","og_image":[{"width":1280,"height":720,"url":"https:\/\/www.domusbegur.com\/wp-content\/uploads\/2022\/06\/indianos-domus.jpg","type":"image\/jpeg"}],"author":"Jimmy van der Velden","twitter_card":"summary_large_image","twitter_misc":{"Escrit per":"Jimmy van der Velden","Temps estimat de lectura":"3 minuts"},"schema":{"@context":"https:\/\/schema.org","@graph":[{"@type":"Article","@id":"https:\/\/www.domusbegur.com\/ca\/fira-dels-indians-begur\/#article","isPartOf":{"@id":"https:\/\/www.domusbegur.com\/ca\/fira-dels-indians-begur\/"},"author":{"name":"Jimmy van der Velden","@id":"https:\/\/www.domusbegur.com\/ca\/#\/schema\/person\/5f12b46c02215760f92ae7cddd1e7086"},"headline":"La Fira dels Indians de Begur","datePublished":"2022-12-22T14:43:24+00:00","dateModified":"2022-12-22T14:43:25+00:00","mainEntityOfPage":{"@id":"https:\/\/www.domusbegur.com\/ca\/fira-dels-indians-begur\/"},"wordCount":627,"commentCount":0,"publisher":{"@id":"https:\/\/www.domusbegur.com\/ca\/#organization"},"image":{"@id":"https:\/\/www.domusbegur.com\/ca\/fira-dels-indians-begur\/#primaryimage"},"thumbnailUrl":"https:\/\/www.domusbegur.com\/wp-content\/uploads\/2022\/06\/indianos-domus.jpg","keywords":["begur cuban festival","centre hist\u00f2ric de begur, ajuntament de begur","Fira del indians","mercat de productes d'ultramar de Begur","mostra d'oficis de begur"],"inLanguage":"ca","potentialAction":[{"@type":"CommentAction","name":"Comment","target":["https:\/\/www.domusbegur.com\/ca\/fira-dels-indians-begur\/#respond"]}]},{"@type":"WebPage","@id":"https:\/\/www.domusbegur.com\/ca\/fira-dels-indians-begur\/","url":"https:\/\/www.domusbegur.com\/ca\/fira-dels-indians-begur\/","name":"Fira dels indians Begur, Costa Brava | Domus Begur","isPartOf":{"@id":"https:\/\/www.domusbegur.com\/ca\/#website"},"primaryImageOfPage":{"@id":"https:\/\/www.domusbegur.com\/ca\/fira-dels-indians-begur\/#primaryimage"},"image":{"@id":"https:\/\/www.domusbegur.com\/ca\/fira-dels-indians-begur\/#primaryimage"},"thumbnailUrl":"https:\/\/www.domusbegur.com\/wp-content\/uploads\/2022\/06\/indianos-domus.jpg","datePublished":"2022-12-22T14:43:24+00:00","dateModified":"2022-12-22T14:43:25+00:00","description":"Descobreix amb Domus Begur un dels actes m\u00e9s populars del municipi, la fira dels indians. Gaudeix del Begur Cuban Festival.","breadcrumb":{"@id":"https:\/\/www.domusbegur.com\/ca\/fira-dels-indians-begur\/#breadcrumb"},"inLanguage":"ca","potentialAction":[{"@type":"ReadAction","target":["https:\/\/www.domusbegur.com\/ca\/fira-dels-indians-begur\/"]}]},{"@type":"BreadcrumbList","@id":"https:\/\/www.domusbegur.com\/ca\/fira-dels-indians-begur\/#breadcrumb","itemListElement":[{"@type":"ListItem","position":1,"name":"Inicio","item":"https:\/\/www.domusbegur.com\/ca\/"},{"@type":"ListItem","position":2,"name":"La Fira dels Indians de Begur"}]},{"@type":"WebSite","@id":"https:\/\/www.domusbegur.com\/ca\/#website","url":"https:\/\/www.domusbegur.com\/ca\/","name":"Domus Begur - Servicios Inmobiliarios","description":"La mejor selecci\u00f3n de casas y apartamentos en la Costa Brava","publisher":{"@id":"https:\/\/www.domusbegur.com\/ca\/#organization"},"potentialAction":[{"@type":"SearchAction","target":{"@type":"EntryPoint","urlTemplate":"https:\/\/www.domusbegur.com\/rental-results\/?search_text={search_term_string}"},"query-input":{"@type":"PropertyValueSpecification","valueRequired":true,"valueName":"search_term_string"}}],"inLanguage":"ca"},{"@type":"Organization","@id":"https:\/\/www.domusbegur.com\/ca\/#organization","name":"Domus Begur - Serveis Immobiliaris","url":"https:\/\/www.domusbegur.com\/ca\/","logo":{"@type":"ImageObject","inLanguage":"ca","@id":"https:\/\/www.domusbegur.com\/ca\/#\/schema\/logo\/image\/","url":"https:\/\/www.domusbegur.com\/wp-content\/uploads\/2020\/02\/Logo_domus.png","contentUrl":"https:\/\/www.domusbegur.com\/wp-content\/uploads\/2020\/02\/Logo_domus.png","width":166,"height":173,"caption":"Domus Begur - Serveis Immobiliaris"},"image":{"@id":"https:\/\/www.domusbegur.com\/ca\/#\/schema\/logo\/image\/"}},{"@type":"Person","@id":"https:\/\/www.domusbegur.com\/ca\/#\/schema\/person\/5f12b46c02215760f92ae7cddd1e7086","name":"Jimmy van der Velden","image":{"@type":"ImageObject","inLanguage":"ca","@id":"https:\/\/secure.gravatar.com\/avatar\/5a3618c0c9ab5904487e6b7a51124dcf7b589fb56304d29e76511688741d7330?s=96&d=mm&r=g","url":"https:\/\/secure.gravatar.com\/avatar\/5a3618c0c9ab5904487e6b7a51124dcf7b589fb56304d29e76511688741d7330?s=96&d=mm&r=g","contentUrl":"https:\/\/secure.gravatar.com\/avatar\/5a3618c0c9ab5904487e6b7a51124dcf7b589fb56304d29e76511688741d7330?s=96&d=mm&r=g","caption":"Jimmy van der Velden"},"sameAs":["https:\/\/www.domusbegur.com"],"url":"https:\/\/www.domusbegur.com\/ca\/author\/domus-begur\/"}]}},"_links":{"self":[{"href":"https:\/\/www.domusbegur.com\/ca\/wp-json\/wp\/v2\/posts\/7734","targetHints":{"allow":["GET"]}}],"collection":[{"href":"https:\/\/www.domusbegur.com\/ca\/wp-json\/wp\/v2\/posts"}],"about":[{"href":"https:\/\/www.domusbegur.com\/ca\/wp-json\/wp\/v2\/types\/post"}],"author":[{"embeddable":true,"href":"https:\/\/www.domusbegur.com\/ca\/wp-json\/wp\/v2\/users\/2"}],"replies":[{"embeddable":true,"href":"https:\/\/www.domusbegur.com\/ca\/wp-json\/wp\/v2\/comments?post=7734"}],"version-history":[{"count":7,"href":"https:\/\/www.domusbegur.com\/ca\/wp-json\/wp\/v2\/posts\/7734\/revisions"}],"predecessor-version":[{"id":8072,"href":"https:\/\/www.domusbegur.com\/ca\/wp-json\/wp\/v2\/posts\/7734\/revisions\/8072"}],"wp:featuredmedia":[{"embeddable":true,"href":"https:\/\/www.domusbegur.com\/ca\/wp-json\/wp\/v2\/media\/7775"}],"wp:attachment":[{"href":"https:\/\/www.domusbegur.com\/ca\/wp-json\/wp\/v2\/media?parent=7734"}],"wp:term":[{"taxonomy":"category","embeddable":true,"href":"https:\/\/www.domusbegur.com\/ca\/wp-json\/wp\/v2\/categories?post=7734"},{"taxonomy":"post_tag","embeddable":true,"href":"https:\/\/www.domusbegur.com\/ca\/wp-json\/wp\/v2\/tags?post=7734"}],"curies":[{"name":"wp","href":"https:\/\/api.w.org\/{rel}","templated":true}]}}