{"id":6973,"date":"2021-03-22T11:38:16","date_gmt":"2021-03-22T10:38:16","guid":{"rendered":"https:\/\/www.domusbegur.com\/festivals-evenements-culturels-et-festivals-begur-girona\/"},"modified":"2021-03-22T11:38:16","modified_gmt":"2021-03-22T10:38:16","slug":"festivals-evenements-culturels-et-festivals-begur-girona","status":"publish","type":"post","link":"https:\/\/www.domusbegur.com\/fr\/festivals-evenements-culturels-et-festivals-begur-girona\/","title":{"rendered":"Festivals et \u00e9v\u00e9nements culturels \u00e0 Begur 2021"},"content":{"rendered":"\n<h1 class=\"wp-block-heading\">Calendrier des festivals et des \u00e9v\u00e9nements culturels \u00e0 Begur 2021<\/h1>\n\n<p>Nous abordons 2021 avec optimisme et une nouvelle \u00e9nergie ! Vous trouverez ici quelques-uns des prochains concerts, festivals et \u00e9v\u00e9nements culturels ou sportifs qui ont d\u00e9j\u00e0 des dates pour cette ann\u00e9e 2021.<\/p>\n\n<p>L&#8217;ann\u00e9e derni\u00e8re, l&#8217;activit\u00e9 touristique et culturelle a \u00e9t\u00e9 r\u00e9duite, mais maintenant nous esp\u00e9rons avoir une meilleure image, surtout apr\u00e8s l&#8217;\u00e9t\u00e9 et vers la fin de l&#8217;ann\u00e9e, gr\u00e2ce \u00e0 la vaccination, \u00e0 la coop\u00e9ration de la soci\u00e9t\u00e9 et \u00e0 l&#8217;endurance de tous ceux qui respectent les mesures.<\/p>\n\n<p>Cet \u00e9t\u00e9, le tourisme int\u00e9rieur sera certainement encore la meilleure option pour les Espagnols et quelle meilleure fa\u00e7on d&#8217;en profiter que de visiter la Costa Brava et de s\u00e9journer dans un <a href=\"https:\/\/www.domusbegur.com\/fr\/location-appartements-villas-vacances-begur-costa-brava\/\">appartement Domus Begur<\/a> 100% s\u00fbr.<\/p>\n\n<h2 class=\"wp-block-heading\"><strong>Agenda culturel et festivals \u00e0 Begur, Girona.<\/strong><\/h2>\n\n<h2 class=\"wp-block-heading\"><strong>Festival de Sant Pere de Begur<\/strong><\/h2>\n\n<p>Comme d&#8217;habitude, nous donnerons le coup d&#8217;envoi de l&#8217;\u00e9t\u00e9 la troisi\u00e8me semaine de juin avec la f\u00eate de Sant Pere, le saint patron de la municipalit\u00e9. Il y aura des concerts, une foire artisanale, du th\u00e9\u00e2tre, des danses et bien plus encore.<\/p>\n\n<h2 class=\"wp-block-heading\"><strong>Festival de musique de Begur 202<\/strong>1<\/h2>\n\n<p>Une s\u00e9rie de concerts, tous les vendredis du 27 juillet au 24 ao\u00fbt, dans des lieux embl\u00e9matiques de Begur tels que : le centre culturel &#8221; Escoles Velles &#8220;, le Mas d&#8217;en Pinc, la vieille ville d&#8217;Esclany\u00e0, le Pl. de la Villa et Sa Tuna.<\/p>\n\n<h2 class=\"wp-block-heading\"><strong>XLII Chanson de la Habanera<\/strong><\/h2>\n\n<p>Une nuit de rythme et de saveur avec des m\u00e9langes cubains et europ\u00e9ens. La cantada d&#8217;habaneras a sa prochaine \u00e9dition le 07 ao\u00fbt 08, 2021. Et comme d&#8217;habitude, l&#8217;argent collect\u00e9 dans les billets sera revers\u00e9 \u00e0 des causes caritatives.<\/p>\n\n<h3 class=\"wp-block-heading\"><strong>Fira Indinas \u00e0 Begur\u00a0<\/strong><\/h3>\n\n<p>Les 3, 4 et 5 septembre 2021, Begur se souvient de son pass\u00e9 historique et de ses relations avec Cuba. Pendant ces 3 jours, les rues et les places sont remplies de musique, de culture, de divertissement et de produits locaux.<\/p>\n\n<h3 class=\"wp-block-heading\">F\u00eate de Santa Reparada<\/h3>\n\n<p>En 2020, elle a \u00e9t\u00e9 r\u00e9alis\u00e9e dans le respect des mesures sanitaires, nous esp\u00e9rons donc avec une totale certitude que le troisi\u00e8me week-end de septembre, nous pourrons \u00e0 nouveau profiter de la musique, du divertissement et de la danse ; cl\u00f4turant ainsi les activit\u00e9s estivales.<\/p>\n\n<h2 class=\"wp-block-heading\"><strong>Prochains \u00e9v\u00e9nements sportifs \u00e0 Begur<\/strong><\/h2>\n\n<h3 class=\"wp-block-heading\"><strong>X Marnaton eDreams Cup 2021<\/strong><\/h3>\n\n<p>Le 6 juin, la dixi\u00e8me \u00e9dition de cet \u00e9v\u00e9nement arrive \u00e0 Begur. Plus qu&#8217;une comp\u00e9tition de natation en eau libre, c&#8217;est un mouvement qui met en valeur la beaut\u00e9 de l&#8217;environnement naturel de la r\u00e9gion, ses belles criques et ses falaises.<\/p>\n\n<h3 class=\"wp-block-heading\"><strong>Le MIC Footbal est report\u00e9 \u00e0 2022<\/strong><\/h3>\n\n<p>Malheureusement, au d\u00e9but de l&#8217;ann\u00e9e, il a \u00e9t\u00e9 d\u00e9cid\u00e9 de reporter le c\u00e9l\u00e8bre tournoi international de football de base MICFootball. Nous devrons attendre l&#8217;ann\u00e9e prochaine.<\/p>\n\n<h3 class=\"wp-block-heading\"><strong>Cyclisme, trekking et course de fond \u00e0 Begur<\/strong><\/h3>\n\n<p>Bien que Begur soit un excellent endroit pour des \u00e9v\u00e9nements sportifs tels que des courses de montagne ou du cyclisme, il reste encore des dates \u00e0 confirmer. Toutefois, si votre mobilit\u00e9 n&#8217;est pas r\u00e9duite, vous pourrez profiter des itin\u00e9raires d\u00e9j\u00e0 connus dans la r\u00e9gion.<\/p>\n\n<p>Il reste encore de nombreuses dates \u00e0 confirmer pour divers \u00e9v\u00e9nements sportifs, pi\u00e8ces de th\u00e9\u00e2tre, concerts de musique classique et groupes locaux. Cependant, cette ann\u00e9e les pr\u00e9visions sont bien meilleures que l&#8217;ann\u00e9e derni\u00e8re, et c&#8217;est pourquoi depuis Domus Begur Real Estate nous vous attendons pour vous offrir un s\u00e9jour inoubliable.<\/p>\n","protected":false},"excerpt":{"rendered":"<p>Calendrier des festivals et des \u00e9v\u00e9nements culturels \u00e0 Begur 2021 Nous abordons 2021 avec optimisme et une nouvelle \u00e9nergie ! Vous trouverez ici quelques-uns des prochains concerts, festivals et \u00e9v\u00e9nements culturels ou sportifs qui ont d\u00e9j\u00e0 des dates pour cette ann\u00e9e 2021. L&#8217;ann\u00e9e derni\u00e8re, l&#8217;activit\u00e9 touristique et culturelle a \u00e9t\u00e9 r\u00e9duite, mais maintenant nous esp\u00e9rons [&hellip;]<\/p>\n","protected":false},"author":2,"featured_media":6870,"comment_status":"open","ping_status":"open","sticky":false,"template":"","format":"standard","meta":{"footnotes":""},"categories":[10],"tags":[],"class_list":["post-6973","post","type-post","status-publish","format-standard","has-post-thumbnail","hentry","category-non-classifiee"],"yoast_head":"<!-- This site is optimized with the Yoast SEO plugin v27.5 - https:\/\/yoast.com\/product\/yoast-seo-wordpress\/ -->\n<title>Festivals et \u00e9v\u00e9nements culturels \u00e0 Begur 2021 - Domus Begur - Servicios Inmobiliarios<\/title>\n<meta name=\"description\" content=\"D\u00e9couvrez le calendrier des festivals de Begur pour cette ann\u00e9e 2021. Consultez ici l&#039;agenda culturel : f\u00eates locales, festivals, havaneres, foire d&#039;Indianos et bien d&#039;autres choses encore.\" \/>\n<meta name=\"robots\" content=\"index, follow, max-snippet:-1, max-image-preview:large, max-video-preview:-1\" \/>\n<link rel=\"canonical\" href=\"https:\/\/www.domusbegur.com\/fr\/festivals-evenements-culturels-et-festivals-begur-girona\/\" \/>\n<meta property=\"og:locale\" content=\"fr_FR\" \/>\n<meta property=\"og:type\" content=\"article\" \/>\n<meta property=\"og:title\" content=\"Festivals et \u00e9v\u00e9nements culturels \u00e0 Begur 2021 - Domus Begur - Servicios Inmobiliarios\" \/>\n<meta property=\"og:description\" content=\"D\u00e9couvrez le calendrier des festivals de Begur pour cette ann\u00e9e 2021. Consultez ici l&#039;agenda culturel : f\u00eates locales, festivals, havaneres, foire d&#039;Indianos et bien d&#039;autres choses encore.\" \/>\n<meta property=\"og:url\" content=\"https:\/\/www.domusbegur.com\/fr\/festivals-evenements-culturels-et-festivals-begur-girona\/\" \/>\n<meta property=\"og:site_name\" content=\"Domus Begur - Servicios Inmobiliarios\" \/>\n<meta property=\"article:published_time\" content=\"2021-03-22T10:38:16+00:00\" \/>\n<meta property=\"og:image\" content=\"https:\/\/www.domusbegur.com\/wp-content\/uploads\/2020\/12\/domus-begur-que-hacer-invierno-begur.jpg\" \/>\n\t<meta property=\"og:image:width\" content=\"1280\" \/>\n\t<meta property=\"og:image:height\" content=\"720\" \/>\n\t<meta property=\"og:image:type\" content=\"image\/jpeg\" \/>\n<meta name=\"author\" content=\"Jimmy van der Velden\" \/>\n<meta name=\"twitter:card\" content=\"summary_large_image\" \/>\n<meta name=\"twitter:label1\" content=\"\u00c9crit par\" \/>\n\t<meta name=\"twitter:data1\" content=\"Jimmy van der Velden\" \/>\n\t<meta name=\"twitter:label2\" content=\"Dur\u00e9e de lecture estim\u00e9e\" \/>\n\t<meta name=\"twitter:data2\" content=\"3 minutes\" \/>\n<script type=\"application\/ld+json\" class=\"yoast-schema-graph\">{\"@context\":\"https:\\\/\\\/schema.org\",\"@graph\":[{\"@type\":\"Article\",\"@id\":\"https:\\\/\\\/www.domusbegur.com\\\/fr\\\/festivals-evenements-culturels-et-festivals-begur-girona\\\/#article\",\"isPartOf\":{\"@id\":\"https:\\\/\\\/www.domusbegur.com\\\/fr\\\/festivals-evenements-culturels-et-festivals-begur-girona\\\/\"},\"author\":{\"name\":\"Jimmy van der Velden\",\"@id\":\"https:\\\/\\\/www.domusbegur.com\\\/fr\\\/#\\\/schema\\\/person\\\/5f12b46c02215760f92ae7cddd1e7086\"},\"headline\":\"Festivals et \u00e9v\u00e9nements culturels \u00e0 Begur 2021\",\"datePublished\":\"2021-03-22T10:38:16+00:00\",\"mainEntityOfPage\":{\"@id\":\"https:\\\/\\\/www.domusbegur.com\\\/fr\\\/festivals-evenements-culturels-et-festivals-begur-girona\\\/\"},\"wordCount\":600,\"commentCount\":0,\"publisher\":{\"@id\":\"https:\\\/\\\/www.domusbegur.com\\\/fr\\\/#organization\"},\"image\":{\"@id\":\"https:\\\/\\\/www.domusbegur.com\\\/fr\\\/festivals-evenements-culturels-et-festivals-begur-girona\\\/#primaryimage\"},\"thumbnailUrl\":\"https:\\\/\\\/www.domusbegur.com\\\/wp-content\\\/uploads\\\/2020\\\/12\\\/domus-begur-que-hacer-invierno-begur.jpg\",\"articleSection\":[\"Non classifi\u00e9(e)\"],\"inLanguage\":\"fr-FR\",\"potentialAction\":[{\"@type\":\"CommentAction\",\"name\":\"Comment\",\"target\":[\"https:\\\/\\\/www.domusbegur.com\\\/fr\\\/festivals-evenements-culturels-et-festivals-begur-girona\\\/#respond\"]}]},{\"@type\":\"WebPage\",\"@id\":\"https:\\\/\\\/www.domusbegur.com\\\/fr\\\/festivals-evenements-culturels-et-festivals-begur-girona\\\/\",\"url\":\"https:\\\/\\\/www.domusbegur.com\\\/fr\\\/festivals-evenements-culturels-et-festivals-begur-girona\\\/\",\"name\":\"Festivals et \u00e9v\u00e9nements culturels \u00e0 Begur 2021 - Domus Begur - Servicios Inmobiliarios\",\"isPartOf\":{\"@id\":\"https:\\\/\\\/www.domusbegur.com\\\/fr\\\/#website\"},\"primaryImageOfPage\":{\"@id\":\"https:\\\/\\\/www.domusbegur.com\\\/fr\\\/festivals-evenements-culturels-et-festivals-begur-girona\\\/#primaryimage\"},\"image\":{\"@id\":\"https:\\\/\\\/www.domusbegur.com\\\/fr\\\/festivals-evenements-culturels-et-festivals-begur-girona\\\/#primaryimage\"},\"thumbnailUrl\":\"https:\\\/\\\/www.domusbegur.com\\\/wp-content\\\/uploads\\\/2020\\\/12\\\/domus-begur-que-hacer-invierno-begur.jpg\",\"datePublished\":\"2021-03-22T10:38:16+00:00\",\"description\":\"D\u00e9couvrez le calendrier des festivals de Begur pour cette ann\u00e9e 2021. Consultez ici l'agenda culturel : f\u00eates locales, festivals, havaneres, foire d'Indianos et bien d'autres choses encore.\",\"breadcrumb\":{\"@id\":\"https:\\\/\\\/www.domusbegur.com\\\/fr\\\/festivals-evenements-culturels-et-festivals-begur-girona\\\/#breadcrumb\"},\"inLanguage\":\"fr-FR\",\"potentialAction\":[{\"@type\":\"ReadAction\",\"target\":[\"https:\\\/\\\/www.domusbegur.com\\\/fr\\\/festivals-evenements-culturels-et-festivals-begur-girona\\\/\"]}]},{\"@type\":\"BreadcrumbList\",\"@id\":\"https:\\\/\\\/www.domusbegur.com\\\/fr\\\/festivals-evenements-culturels-et-festivals-begur-girona\\\/#breadcrumb\",\"itemListElement\":[{\"@type\":\"ListItem\",\"position\":1,\"name\":\"Inicio\",\"item\":\"https:\\\/\\\/www.domusbegur.com\\\/fr\\\/\"},{\"@type\":\"ListItem\",\"position\":2,\"name\":\"Festivals et \u00e9v\u00e9nements culturels \u00e0 Begur 2021\"}]},{\"@type\":\"WebSite\",\"@id\":\"https:\\\/\\\/www.domusbegur.com\\\/fr\\\/#website\",\"url\":\"https:\\\/\\\/www.domusbegur.com\\\/fr\\\/\",\"name\":\"Domus Begur - Servicios Inmobiliarios\",\"description\":\"La mejor selecci\u00f3n de casas y apartamentos en la Costa Brava\",\"publisher\":{\"@id\":\"https:\\\/\\\/www.domusbegur.com\\\/fr\\\/#organization\"},\"potentialAction\":[{\"@type\":\"SearchAction\",\"target\":{\"@type\":\"EntryPoint\",\"urlTemplate\":\"https:\\\/\\\/www.domusbegur.com\\\/rental-results\\\/?search_text={search_term_string}\"},\"query-input\":{\"@type\":\"PropertyValueSpecification\",\"valueRequired\":true,\"valueName\":\"search_term_string\"}}],\"inLanguage\":\"fr-FR\"},{\"@type\":\"Organization\",\"@id\":\"https:\\\/\\\/www.domusbegur.com\\\/fr\\\/#organization\",\"name\":\"Domus Begur - Serveis Immobiliaris\",\"url\":\"https:\\\/\\\/www.domusbegur.com\\\/fr\\\/\",\"logo\":{\"@type\":\"ImageObject\",\"inLanguage\":\"fr-FR\",\"@id\":\"https:\\\/\\\/www.domusbegur.com\\\/fr\\\/#\\\/schema\\\/logo\\\/image\\\/\",\"url\":\"https:\\\/\\\/www.domusbegur.com\\\/wp-content\\\/uploads\\\/2020\\\/02\\\/Logo_domus.png\",\"contentUrl\":\"https:\\\/\\\/www.domusbegur.com\\\/wp-content\\\/uploads\\\/2020\\\/02\\\/Logo_domus.png\",\"width\":166,\"height\":173,\"caption\":\"Domus Begur - Serveis Immobiliaris\"},\"image\":{\"@id\":\"https:\\\/\\\/www.domusbegur.com\\\/fr\\\/#\\\/schema\\\/logo\\\/image\\\/\"}},{\"@type\":\"Person\",\"@id\":\"https:\\\/\\\/www.domusbegur.com\\\/fr\\\/#\\\/schema\\\/person\\\/5f12b46c02215760f92ae7cddd1e7086\",\"name\":\"Jimmy van der Velden\",\"image\":{\"@type\":\"ImageObject\",\"inLanguage\":\"fr-FR\",\"@id\":\"https:\\\/\\\/secure.gravatar.com\\\/avatar\\\/5a3618c0c9ab5904487e6b7a51124dcf7b589fb56304d29e76511688741d7330?s=96&d=mm&r=g\",\"url\":\"https:\\\/\\\/secure.gravatar.com\\\/avatar\\\/5a3618c0c9ab5904487e6b7a51124dcf7b589fb56304d29e76511688741d7330?s=96&d=mm&r=g\",\"contentUrl\":\"https:\\\/\\\/secure.gravatar.com\\\/avatar\\\/5a3618c0c9ab5904487e6b7a51124dcf7b589fb56304d29e76511688741d7330?s=96&d=mm&r=g\",\"caption\":\"Jimmy van der Velden\"},\"sameAs\":[\"https:\\\/\\\/www.domusbegur.com\"],\"url\":\"https:\\\/\\\/www.domusbegur.com\\\/fr\\\/author\\\/domus-begur\\\/\"}]}<\/script>\n<!-- \/ Yoast SEO plugin. -->","yoast_head_json":{"title":"Festivals et \u00e9v\u00e9nements culturels \u00e0 Begur 2021 - Domus Begur - Servicios Inmobiliarios","description":"D\u00e9couvrez le calendrier des festivals de Begur pour cette ann\u00e9e 2021. Consultez ici l'agenda culturel : f\u00eates locales, festivals, havaneres, foire d'Indianos et bien d'autres choses encore.","robots":{"index":"index","follow":"follow","max-snippet":"max-snippet:-1","max-image-preview":"max-image-preview:large","max-video-preview":"max-video-preview:-1"},"canonical":"https:\/\/www.domusbegur.com\/fr\/festivals-evenements-culturels-et-festivals-begur-girona\/","og_locale":"fr_FR","og_type":"article","og_title":"Festivals et \u00e9v\u00e9nements culturels \u00e0 Begur 2021 - Domus Begur - Servicios Inmobiliarios","og_description":"D\u00e9couvrez le calendrier des festivals de Begur pour cette ann\u00e9e 2021. Consultez ici l'agenda culturel : f\u00eates locales, festivals, havaneres, foire d'Indianos et bien d'autres choses encore.","og_url":"https:\/\/www.domusbegur.com\/fr\/festivals-evenements-culturels-et-festivals-begur-girona\/","og_site_name":"Domus Begur - Servicios Inmobiliarios","article_published_time":"2021-03-22T10:38:16+00:00","og_image":[{"width":1280,"height":720,"url":"https:\/\/www.domusbegur.com\/wp-content\/uploads\/2020\/12\/domus-begur-que-hacer-invierno-begur.jpg","type":"image\/jpeg"}],"author":"Jimmy van der Velden","twitter_card":"summary_large_image","twitter_misc":{"\u00c9crit par":"Jimmy van der Velden","Dur\u00e9e de lecture estim\u00e9e":"3 minutes"},"schema":{"@context":"https:\/\/schema.org","@graph":[{"@type":"Article","@id":"https:\/\/www.domusbegur.com\/fr\/festivals-evenements-culturels-et-festivals-begur-girona\/#article","isPartOf":{"@id":"https:\/\/www.domusbegur.com\/fr\/festivals-evenements-culturels-et-festivals-begur-girona\/"},"author":{"name":"Jimmy van der Velden","@id":"https:\/\/www.domusbegur.com\/fr\/#\/schema\/person\/5f12b46c02215760f92ae7cddd1e7086"},"headline":"Festivals et \u00e9v\u00e9nements culturels \u00e0 Begur 2021","datePublished":"2021-03-22T10:38:16+00:00","mainEntityOfPage":{"@id":"https:\/\/www.domusbegur.com\/fr\/festivals-evenements-culturels-et-festivals-begur-girona\/"},"wordCount":600,"commentCount":0,"publisher":{"@id":"https:\/\/www.domusbegur.com\/fr\/#organization"},"image":{"@id":"https:\/\/www.domusbegur.com\/fr\/festivals-evenements-culturels-et-festivals-begur-girona\/#primaryimage"},"thumbnailUrl":"https:\/\/www.domusbegur.com\/wp-content\/uploads\/2020\/12\/domus-begur-que-hacer-invierno-begur.jpg","articleSection":["Non classifi\u00e9(e)"],"inLanguage":"fr-FR","potentialAction":[{"@type":"CommentAction","name":"Comment","target":["https:\/\/www.domusbegur.com\/fr\/festivals-evenements-culturels-et-festivals-begur-girona\/#respond"]}]},{"@type":"WebPage","@id":"https:\/\/www.domusbegur.com\/fr\/festivals-evenements-culturels-et-festivals-begur-girona\/","url":"https:\/\/www.domusbegur.com\/fr\/festivals-evenements-culturels-et-festivals-begur-girona\/","name":"Festivals et \u00e9v\u00e9nements culturels \u00e0 Begur 2021 - Domus Begur - Servicios Inmobiliarios","isPartOf":{"@id":"https:\/\/www.domusbegur.com\/fr\/#website"},"primaryImageOfPage":{"@id":"https:\/\/www.domusbegur.com\/fr\/festivals-evenements-culturels-et-festivals-begur-girona\/#primaryimage"},"image":{"@id":"https:\/\/www.domusbegur.com\/fr\/festivals-evenements-culturels-et-festivals-begur-girona\/#primaryimage"},"thumbnailUrl":"https:\/\/www.domusbegur.com\/wp-content\/uploads\/2020\/12\/domus-begur-que-hacer-invierno-begur.jpg","datePublished":"2021-03-22T10:38:16+00:00","description":"D\u00e9couvrez le calendrier des festivals de Begur pour cette ann\u00e9e 2021. Consultez ici l'agenda culturel : f\u00eates locales, festivals, havaneres, foire d'Indianos et bien d'autres choses encore.","breadcrumb":{"@id":"https:\/\/www.domusbegur.com\/fr\/festivals-evenements-culturels-et-festivals-begur-girona\/#breadcrumb"},"inLanguage":"fr-FR","potentialAction":[{"@type":"ReadAction","target":["https:\/\/www.domusbegur.com\/fr\/festivals-evenements-culturels-et-festivals-begur-girona\/"]}]},{"@type":"BreadcrumbList","@id":"https:\/\/www.domusbegur.com\/fr\/festivals-evenements-culturels-et-festivals-begur-girona\/#breadcrumb","itemListElement":[{"@type":"ListItem","position":1,"name":"Inicio","item":"https:\/\/www.domusbegur.com\/fr\/"},{"@type":"ListItem","position":2,"name":"Festivals et \u00e9v\u00e9nements culturels \u00e0 Begur 2021"}]},{"@type":"WebSite","@id":"https:\/\/www.domusbegur.com\/fr\/#website","url":"https:\/\/www.domusbegur.com\/fr\/","name":"Domus Begur - Servicios Inmobiliarios","description":"La mejor selecci\u00f3n de casas y apartamentos en la Costa Brava","publisher":{"@id":"https:\/\/www.domusbegur.com\/fr\/#organization"},"potentialAction":[{"@type":"SearchAction","target":{"@type":"EntryPoint","urlTemplate":"https:\/\/www.domusbegur.com\/rental-results\/?search_text={search_term_string}"},"query-input":{"@type":"PropertyValueSpecification","valueRequired":true,"valueName":"search_term_string"}}],"inLanguage":"fr-FR"},{"@type":"Organization","@id":"https:\/\/www.domusbegur.com\/fr\/#organization","name":"Domus Begur - Serveis Immobiliaris","url":"https:\/\/www.domusbegur.com\/fr\/","logo":{"@type":"ImageObject","inLanguage":"fr-FR","@id":"https:\/\/www.domusbegur.com\/fr\/#\/schema\/logo\/image\/","url":"https:\/\/www.domusbegur.com\/wp-content\/uploads\/2020\/02\/Logo_domus.png","contentUrl":"https:\/\/www.domusbegur.com\/wp-content\/uploads\/2020\/02\/Logo_domus.png","width":166,"height":173,"caption":"Domus Begur - Serveis Immobiliaris"},"image":{"@id":"https:\/\/www.domusbegur.com\/fr\/#\/schema\/logo\/image\/"}},{"@type":"Person","@id":"https:\/\/www.domusbegur.com\/fr\/#\/schema\/person\/5f12b46c02215760f92ae7cddd1e7086","name":"Jimmy van der Velden","image":{"@type":"ImageObject","inLanguage":"fr-FR","@id":"https:\/\/secure.gravatar.com\/avatar\/5a3618c0c9ab5904487e6b7a51124dcf7b589fb56304d29e76511688741d7330?s=96&d=mm&r=g","url":"https:\/\/secure.gravatar.com\/avatar\/5a3618c0c9ab5904487e6b7a51124dcf7b589fb56304d29e76511688741d7330?s=96&d=mm&r=g","contentUrl":"https:\/\/secure.gravatar.com\/avatar\/5a3618c0c9ab5904487e6b7a51124dcf7b589fb56304d29e76511688741d7330?s=96&d=mm&r=g","caption":"Jimmy van der Velden"},"sameAs":["https:\/\/www.domusbegur.com"],"url":"https:\/\/www.domusbegur.com\/fr\/author\/domus-begur\/"}]}},"_links":{"self":[{"href":"https:\/\/www.domusbegur.com\/fr\/wp-json\/wp\/v2\/posts\/6973","targetHints":{"allow":["GET"]}}],"collection":[{"href":"https:\/\/www.domusbegur.com\/fr\/wp-json\/wp\/v2\/posts"}],"about":[{"href":"https:\/\/www.domusbegur.com\/fr\/wp-json\/wp\/v2\/types\/post"}],"author":[{"embeddable":true,"href":"https:\/\/www.domusbegur.com\/fr\/wp-json\/wp\/v2\/users\/2"}],"replies":[{"embeddable":true,"href":"https:\/\/www.domusbegur.com\/fr\/wp-json\/wp\/v2\/comments?post=6973"}],"version-history":[{"count":0,"href":"https:\/\/www.domusbegur.com\/fr\/wp-json\/wp\/v2\/posts\/6973\/revisions"}],"wp:featuredmedia":[{"embeddable":true,"href":"https:\/\/www.domusbegur.com\/fr\/wp-json\/wp\/v2\/media\/6870"}],"wp:attachment":[{"href":"https:\/\/www.domusbegur.com\/fr\/wp-json\/wp\/v2\/media?parent=6973"}],"wp:term":[{"taxonomy":"category","embeddable":true,"href":"https:\/\/www.domusbegur.com\/fr\/wp-json\/wp\/v2\/categories?post=6973"},{"taxonomy":"post_tag","embeddable":true,"href":"https:\/\/www.domusbegur.com\/fr\/wp-json\/wp\/v2\/tags?post=6973"}],"curies":[{"name":"wp","href":"https:\/\/api.w.org\/{rel}","templated":true}]}}