{"id":8183,"date":"2023-03-28T13:56:55","date_gmt":"2023-03-28T11:56:55","guid":{"rendered":"https:\/\/www.domusbegur.com\/?p=8183"},"modified":"2023-03-28T13:56:56","modified_gmt":"2023-03-28T11:56:56","slug":"le-temps-a-begur","status":"publish","type":"post","link":"https:\/\/www.domusbegur.com\/fr\/le-temps-a-begur\/","title":{"rendered":"Le temps \u00e0 Begur"},"content":{"rendered":"\t\t<div data-elementor-type=\"wp-post\" data-elementor-id=\"8183\" class=\"elementor elementor-8183 elementor-8180\" data-elementor-post-type=\"post\">\n\t\t\t\t\t\t<section class=\"elementor-section elementor-top-section elementor-element elementor-element-4c20046 elementor-section-boxed elementor-section-height-default elementor-section-height-default\" data-id=\"4c20046\" data-element_type=\"section\" data-e-type=\"section\">\n\t\t\t\t\t\t<div class=\"elementor-container elementor-column-gap-default\">\n\t\t\t\t\t<div class=\"elementor-column elementor-col-100 elementor-top-column elementor-element elementor-element-fadabd9\" data-id=\"fadabd9\" data-element_type=\"column\" data-e-type=\"column\">\n\t\t\t<div class=\"elementor-widget-wrap elementor-element-populated\">\n\t\t\t\t\t\t<div class=\"elementor-element elementor-element-29a9673 elementor-widget elementor-widget-text-editor\" data-id=\"29a9673\" data-element_type=\"widget\" data-e-type=\"widget\" data-widget_type=\"text-editor.default\">\n\t\t\t\t\t\t\t\t\t<p>La ville de Begur est situ\u00e9e au sud-ouest de la province de G\u00e9rone, \u00e0 environ 60 km de la capitale (G\u00e9rone) et \u00e0 environ 75 km de la fronti\u00e8re avec la France. B\u00e9n\u00e9ficiant d&#8217;une situation privil\u00e9gi\u00e9e et baign\u00e9e par la mer M\u00e9diterran\u00e9e, elle jouit d&#8217;un climat tr\u00e8s agr\u00e9able.<\/p>\n<p>Son <strong>climat m\u00e9diterran\u00e9en<\/strong>, r\u00e9sultant de la combinaison du climat oc\u00e9anique et du climat d\u00e9sertique, conf\u00e8re \u00e0 la ville une temp\u00e9rature tr\u00e8s stable et agr\u00e9able tout au long de l&#8217;ann\u00e9e, avec peu de pr\u00e9cipitations, de sorte que n&#8217;importe quelle p\u00e9riode de l&#8217;ann\u00e9e est propice \u00e0 la visite de la ville.<\/p>\n<p>La temp\u00e9rature moyenne est d&#8217;environ 18\u00b0C tout au long de l&#8217;ann\u00e9e et il n&#8217;y a que 50 jours de pr\u00e9cipitations. Si vous envisagez de visiter Begur et que vous voulez \u00eatre s\u00fbr d&#8217;avoir tout ce qu&#8217;il faut dans votre valise,<strong> voici le temps qu&#8217;il fait \u00e0 Begur<\/strong> pendant les diff\u00e9rentes saisons de l&#8217;ann\u00e9e.<\/p>\n\t\t\t\t\t\t\t\t<\/div>\n\t\t\t\t<div class=\"elementor-element elementor-element-6a454e3 elementor-widget elementor-widget-heading\" data-id=\"6a454e3\" data-element_type=\"widget\" data-e-type=\"widget\" data-widget_type=\"heading.default\">\n\t\t\t\t\t<h2 class=\"elementor-heading-title elementor-size-default\">Pr\u00e9visions m\u00e9t\u00e9orologiques de Begur - Hiver<\/h2>\t\t\t\t<\/div>\n\t\t\t\t<div class=\"elementor-element elementor-element-fc6d956 elementor-widget elementor-widget-text-editor\" data-id=\"fc6d956\" data-element_type=\"widget\" data-e-type=\"widget\" data-widget_type=\"text-editor.default\">\n\t\t\t\t\t\t\t\t\t<p>L&#8217;hiver est la plus froide des quatre saisons de l&#8217;ann\u00e9e, entre le 21 d\u00e9cembre et le 20 mars. Bien qu&#8217;il se caract\u00e9rise par des journ\u00e9es courtes et froides avec un faible rayonnement solaire, ainsi que par des nuits plus longues et plus froides, c&#8217;est une p\u00e9riode id\u00e9ale pour visiter Begur en raison de sa proximit\u00e9 avec l&#8217;\u00e9quateur.<\/p>\n<p>La temp\u00e9rature moyenne est de 13\u00b0C, avec des minima de 8\u00b0C et des maxima de 15\u00b0C. En outre, le nombre moyen d&#8217;heures d&#8217;ensoleillement par jour est de 9 et le risque de pluie est de 10 %, de sorte que vous n&#8217;aurez pas \u00e0 vous soucier de prendre un parapluie pour sortir de chez vous.<\/p>\n<p>C&#8217;est une p\u00e9riode de l&#8217;ann\u00e9e id\u00e9ale pour visiter la r\u00e9gion, en particulier pour les amoureux de la paix, de la tranquillit\u00e9 et de la nature qui recherchent une exp\u00e9rience calme et introspective pour se d\u00e9tendre de l&#8217;agitation.<\/p>\n\t\t\t\t\t\t\t\t<\/div>\n\t\t\t\t<div class=\"elementor-element elementor-element-7aada33 elementor-widget elementor-widget-image\" data-id=\"7aada33\" data-element_type=\"widget\" data-e-type=\"widget\" data-widget_type=\"image.default\">\n\t\t\t\t\t\t\t\t\t\t\t\t\t\t\t<img fetchpriority=\"high\" decoding=\"async\" width=\"640\" height=\"640\" src=\"https:\/\/www.domusbegur.com\/wp-content\/uploads\/2023\/03\/el-tiempo-en-begur-invierno-1024x1024.jpg\" class=\"attachment-large size-large wp-image-8227\" alt=\"Tiempo-en-begur-invierno\" srcset=\"https:\/\/www.domusbegur.com\/wp-content\/uploads\/2023\/03\/el-tiempo-en-begur-invierno-1024x1024.jpg 1024w, https:\/\/www.domusbegur.com\/wp-content\/uploads\/2023\/03\/el-tiempo-en-begur-invierno-300x300.jpg 300w, https:\/\/www.domusbegur.com\/wp-content\/uploads\/2023\/03\/el-tiempo-en-begur-invierno-150x150.jpg 150w, https:\/\/www.domusbegur.com\/wp-content\/uploads\/2023\/03\/el-tiempo-en-begur-invierno-768x768.jpg 768w, https:\/\/www.domusbegur.com\/wp-content\/uploads\/2023\/03\/el-tiempo-en-begur-invierno-1536x1536.jpg 1536w, https:\/\/www.domusbegur.com\/wp-content\/uploads\/2023\/03\/el-tiempo-en-begur-invierno.jpg 1920w\" sizes=\"(max-width: 640px) 100vw, 640px\" \/>\t\t\t\t\t\t\t\t\t\t\t\t\t\t\t<\/div>\n\t\t\t\t\t<\/div>\n\t\t<\/div>\n\t\t\t\t\t<\/div>\n\t\t<\/section>\n\t\t\t\t<section class=\"elementor-section elementor-top-section elementor-element elementor-element-bb7fa35 elementor-section-boxed elementor-section-height-default elementor-section-height-default\" data-id=\"bb7fa35\" data-element_type=\"section\" data-e-type=\"section\">\n\t\t\t\t\t\t<div class=\"elementor-container elementor-column-gap-default\">\n\t\t\t\t\t<div class=\"elementor-column elementor-col-100 elementor-top-column elementor-element elementor-element-747fccc\" data-id=\"747fccc\" data-element_type=\"column\" data-e-type=\"column\">\n\t\t\t<div class=\"elementor-widget-wrap elementor-element-populated\">\n\t\t\t\t\t\t<div class=\"elementor-element elementor-element-4ec7c6f elementor-widget elementor-widget-heading\" data-id=\"4ec7c6f\" data-element_type=\"widget\" data-e-type=\"widget\" data-widget_type=\"heading.default\">\n\t\t\t\t\t<h2 class=\"elementor-heading-title elementor-size-default\">Pr\u00e9visions m\u00e9t\u00e9orologiques de Begur - Printemps<\/h2>\t\t\t\t<\/div>\n\t\t\t\t<div class=\"elementor-element elementor-element-f511867 elementor-widget elementor-widget-text-editor\" data-id=\"f511867\" data-element_type=\"widget\" data-e-type=\"widget\" data-widget_type=\"text-editor.default\">\n\t\t\t\t\t\t\t\t\tLe printemps a quelque chose de sp\u00e9cial, les heures de lumi\u00e8re commencent \u00e0 gagner le jour sur la nuit, le bleu commence \u00e0 s&#8217;imposer dans le ciel et les fleurs commencent \u00e0 inonder le paysage. Pour toutes ces raisons, cette saison, qui s&#8217;\u00e9tend du 20 mars au 21 juin, est l&#8217;une des saisons pr\u00e9f\u00e9r\u00e9es et les plus recommand\u00e9es <strong>pour visiter Begur<\/strong>.\r\n\r\nOubliez les manteaux \u00e9pais, les gants et les \u00e9charpes, car la temp\u00e9rature moyenne pendant cette saison est de 18\u00b0C, avec des temp\u00e9ratures minimales de 13\u00b0C et maximales de 24\u00b0C. En outre, le risque de pluie est de 11 %, avec plus de 12,5 heures d&#8217;ensoleillement par jour.\r\n\r\nMais ce n&#8217;est pas tout, au mois de mars de chaque ann\u00e9e, se tient la foire &#8220;<strong>Begur en flor<\/strong>&#8220;, les 12-13-14 mai, au cours de laquelle la ville est d\u00e9cor\u00e9e de fleurs, de concerts de musique live, de visites guid\u00e9es, d&#8217;ateliers et bien d&#8217;autres choses encore.\t\t\t\t\t\t\t\t<\/div>\n\t\t\t\t<div class=\"elementor-element elementor-element-0cc2672 elementor-widget elementor-widget-image\" data-id=\"0cc2672\" data-element_type=\"widget\" data-e-type=\"widget\" data-widget_type=\"image.default\">\n\t\t\t\t\t\t\t\t\t\t\t\t\t\t\t<img decoding=\"async\" width=\"640\" height=\"652\" src=\"https:\/\/www.domusbegur.com\/wp-content\/uploads\/2023\/03\/el-tiempo-en-begur-primavera-1005x1024.jpg\" class=\"attachment-large size-large wp-image-8217\" alt=\"tiempo-en-begur-primavera\" srcset=\"https:\/\/www.domusbegur.com\/wp-content\/uploads\/2023\/03\/el-tiempo-en-begur-primavera-1005x1024.jpg 1005w, https:\/\/www.domusbegur.com\/wp-content\/uploads\/2023\/03\/el-tiempo-en-begur-primavera-294x300.jpg 294w, https:\/\/www.domusbegur.com\/wp-content\/uploads\/2023\/03\/el-tiempo-en-begur-primavera-768x783.jpg 768w, https:\/\/www.domusbegur.com\/wp-content\/uploads\/2023\/03\/el-tiempo-en-begur-primavera-1507x1536.jpg 1507w, https:\/\/www.domusbegur.com\/wp-content\/uploads\/2023\/03\/el-tiempo-en-begur-primavera.jpg 1884w\" sizes=\"(max-width: 640px) 100vw, 640px\" \/>\t\t\t\t\t\t\t\t\t\t\t\t\t\t\t<\/div>\n\t\t\t\t\t<\/div>\n\t\t<\/div>\n\t\t\t\t\t<\/div>\n\t\t<\/section>\n\t\t\t\t<section class=\"elementor-section elementor-top-section elementor-element elementor-element-cf19d32 elementor-section-boxed elementor-section-height-default elementor-section-height-default\" data-id=\"cf19d32\" data-element_type=\"section\" data-e-type=\"section\">\n\t\t\t\t\t\t<div class=\"elementor-container elementor-column-gap-default\">\n\t\t\t\t\t<div class=\"elementor-column elementor-col-100 elementor-top-column elementor-element elementor-element-8a50f1a\" data-id=\"8a50f1a\" data-element_type=\"column\" data-e-type=\"column\">\n\t\t\t<div class=\"elementor-widget-wrap elementor-element-populated\">\n\t\t\t\t\t\t<div class=\"elementor-element elementor-element-ef362e3 elementor-widget elementor-widget-heading\" data-id=\"ef362e3\" data-element_type=\"widget\" data-e-type=\"widget\" data-widget_type=\"heading.default\">\n\t\t\t\t\t<h2 class=\"elementor-heading-title elementor-size-default\">Pr\u00e9visions m\u00e9t\u00e9orologiques de Begur - \u00c9t\u00e9<\/h2>\t\t\t\t<\/div>\n\t\t\t\t<div class=\"elementor-element elementor-element-66b73fe elementor-widget elementor-widget-text-editor\" data-id=\"66b73fe\" data-element_type=\"widget\" data-e-type=\"widget\" data-widget_type=\"text-editor.default\">\n\t\t\t\t\t\t\t\t\t<p>Heureux \u00e9t\u00e9, cette p\u00e9riode de l&#8217;ann\u00e9e entre le 21 juin et le 23 septembre o\u00f9 le soleil, les vacances et le bonheur sont au rendez-vous.<\/p>\n<p>Le climat m\u00e9diterran\u00e9en offre \u00e0 la ville un \u00e9t\u00e9 incomparable, avec des temp\u00e9ratures tr\u00e8s agr\u00e9ables et mod\u00e9r\u00e9es, comprises entre 20\u00b0C et 28\u00b0C, des pr\u00e9cipitations pratiquement inexistantes et de longues journ\u00e9es avec plus de 14 heures d&#8217;ensoleillement.<\/p>\n<p>C&#8217;est sans aucun doute <strong>la meilleure p\u00e9riode de l&#8217;ann\u00e9e pour visiter Begur<\/strong> et profiter de tout son potentiel. Des criques aux eaux cristallines, des plages de sable dor\u00e9, de longs chemins bord\u00e9s de v\u00e9g\u00e9tation sont autant de choses que vous pourrez appr\u00e9cier dans cette belle ville.<\/p>\n\t\t\t\t\t\t\t\t<\/div>\n\t\t\t\t<div class=\"elementor-element elementor-element-3e63eab elementor-widget elementor-widget-image\" data-id=\"3e63eab\" data-element_type=\"widget\" data-e-type=\"widget\" data-widget_type=\"image.default\">\n\t\t\t\t\t\t\t\t\t\t\t\t\t\t\t<img decoding=\"async\" width=\"640\" height=\"853\" src=\"https:\/\/www.domusbegur.com\/wp-content\/uploads\/2023\/03\/el-tiempo-en-begur-verano-768x1024.jpg\" class=\"attachment-large size-large wp-image-8232\" alt=\"el-tiempo-en-begur-verano\" srcset=\"https:\/\/www.domusbegur.com\/wp-content\/uploads\/2023\/03\/el-tiempo-en-begur-verano-768x1024.jpg 768w, https:\/\/www.domusbegur.com\/wp-content\/uploads\/2023\/03\/el-tiempo-en-begur-verano-225x300.jpg 225w, https:\/\/www.domusbegur.com\/wp-content\/uploads\/2023\/03\/el-tiempo-en-begur-verano-1152x1536.jpg 1152w, https:\/\/www.domusbegur.com\/wp-content\/uploads\/2023\/03\/el-tiempo-en-begur-verano.jpg 1440w\" sizes=\"(max-width: 640px) 100vw, 640px\" \/>\t\t\t\t\t\t\t\t\t\t\t\t\t\t\t<\/div>\n\t\t\t\t\t<\/div>\n\t\t<\/div>\n\t\t\t\t\t<\/div>\n\t\t<\/section>\n\t\t\t\t<section class=\"elementor-section elementor-top-section elementor-element elementor-element-8971385 elementor-section-boxed elementor-section-height-default elementor-section-height-default\" data-id=\"8971385\" data-element_type=\"section\" data-e-type=\"section\">\n\t\t\t\t\t\t<div class=\"elementor-container elementor-column-gap-default\">\n\t\t\t\t\t<div class=\"elementor-column elementor-col-100 elementor-top-column elementor-element elementor-element-b557288\" data-id=\"b557288\" data-element_type=\"column\" data-e-type=\"column\">\n\t\t\t<div class=\"elementor-widget-wrap elementor-element-populated\">\n\t\t\t\t\t\t<div class=\"elementor-element elementor-element-96be7cd elementor-widget elementor-widget-heading\" data-id=\"96be7cd\" data-element_type=\"widget\" data-e-type=\"widget\" data-widget_type=\"heading.default\">\n\t\t\t\t\t<h2 class=\"elementor-heading-title elementor-size-default\">Pr\u00e9visions m\u00e9t\u00e9orologiques de Begur - Automne<\/h2>\t\t\t\t<\/div>\n\t\t\t\t<div class=\"elementor-element elementor-element-4664daf elementor-widget elementor-widget-text-editor\" data-id=\"4664daf\" data-element_type=\"widget\" data-e-type=\"widget\" data-widget_type=\"text-editor.default\">\n\t\t\t\t\t\t\t\t\t<p>Avec l&#8217;arriv\u00e9e de l&#8217;automne, les jours raccourcissent, les lumi\u00e8res se teintent de tons orang\u00e9s et l&#8217;on a de plus en plus envie de se blottir dans son canap\u00e9 avec une tasse de son th\u00e9 pr\u00e9f\u00e9r\u00e9. C&#8217;est pourtant le moment id\u00e9al pour se d\u00e9tendre, se reposer et en profiter pour d\u00e9couvrir <strong>l&#8217;un des endroits les plus charmants de l&#8217;automne en Catalogne<\/strong>, <span style=\"color: #0000ff;\"><strong><a style=\"color: #0000ff;\" href=\"https:\/\/www.domusbegur.com\/fr\/chemin-de-ronda-begur\/\">les sentiers c\u00f4tiers de Begur<\/a><\/strong><\/span>.<\/p>\n<p>Apr\u00e8s l&#8217;envol de l&#8217;\u00e9t\u00e9, l&#8217;automne commence le 23 septembre, une saison qui nous accompagne presque jusqu&#8217;\u00e0 la fin de l&#8217;ann\u00e9e, plus pr\u00e9cis\u00e9ment jusqu&#8217;au 22 d\u00e9cembre. La temp\u00e9rature \u00e0 Begur varie entre 13\u00b0C et 23\u00b0C, et bien qu&#8217;il s&#8217;agisse du mois o\u00f9 il y a le plus de pr\u00e9cipitations, celles-ci n&#8217;atteignent que 14%.<\/p>\n\t\t\t\t\t\t\t\t<\/div>\n\t\t\t\t<div class=\"elementor-element elementor-element-d2ed30b elementor-widget elementor-widget-image\" data-id=\"d2ed30b\" data-element_type=\"widget\" data-e-type=\"widget\" data-widget_type=\"image.default\">\n\t\t\t\t\t\t\t\t\t\t\t\t\t\t\t<img loading=\"lazy\" decoding=\"async\" width=\"640\" height=\"427\" src=\"https:\/\/www.domusbegur.com\/wp-content\/uploads\/2023\/03\/el-tiempo.en-begur-otono-1024x683.jpg\" class=\"attachment-large size-large wp-image-8222\" alt=\"el-tiempo-en-begur-oto\u00f1o\" srcset=\"https:\/\/www.domusbegur.com\/wp-content\/uploads\/2023\/03\/el-tiempo.en-begur-otono-1024x683.jpg 1024w, https:\/\/www.domusbegur.com\/wp-content\/uploads\/2023\/03\/el-tiempo.en-begur-otono-300x200.jpg 300w, https:\/\/www.domusbegur.com\/wp-content\/uploads\/2023\/03\/el-tiempo.en-begur-otono-768x512.jpg 768w, https:\/\/www.domusbegur.com\/wp-content\/uploads\/2023\/03\/el-tiempo.en-begur-otono-1536x1024.jpg 1536w, https:\/\/www.domusbegur.com\/wp-content\/uploads\/2023\/03\/el-tiempo.en-begur-otono.jpg 1920w\" sizes=\"(max-width: 640px) 100vw, 640px\" \/>\t\t\t\t\t\t\t\t\t\t\t\t\t\t\t<\/div>\n\t\t\t\t\t<\/div>\n\t\t<\/div>\n\t\t\t\t\t<\/div>\n\t\t<\/section>\n\t\t\t\t<section class=\"elementor-section elementor-top-section elementor-element elementor-element-0813c70 elementor-section-boxed elementor-section-height-default elementor-section-height-default\" data-id=\"0813c70\" data-element_type=\"section\" data-e-type=\"section\">\n\t\t\t\t\t\t<div class=\"elementor-container elementor-column-gap-default\">\n\t\t\t\t\t<div class=\"elementor-column elementor-col-100 elementor-top-column elementor-element elementor-element-c6af65e\" data-id=\"c6af65e\" data-element_type=\"column\" data-e-type=\"column\">\n\t\t\t<div class=\"elementor-widget-wrap elementor-element-populated\">\n\t\t\t\t\t\t<div class=\"elementor-element elementor-element-a7f3158 elementor-widget elementor-widget-text-editor\" data-id=\"a7f3158\" data-element_type=\"widget\" data-e-type=\"widget\" data-widget_type=\"text-editor.default\">\n\t\t\t\t\t\t\t\t\t<p>Comme vous l&#8217;avez vu, toute p\u00e9riode de l&#8217;ann\u00e9e est propice \u00e0 la visite de Begur, il vous suffit de tenir compte de vos pr\u00e9f\u00e9rences et du type d&#8217;escapade que vous souhaitez. R\u00e9servez d\u00e8s maintenant l&#8217;une de <span style=\"color: #0000ff;\"><strong><a style=\"color: #0000ff;\" href=\"https:\/\/www.domusbegur.com\/fr\/location-appartements-villas-vacances-begur-costa-brava\/\">nos maisons, villas ou appartements<\/a><\/strong><\/span> et laissez-vous s\u00e9duire par la magie de Begur.<\/p>\n\t\t\t\t\t\t\t\t<\/div>\n\t\t\t\t\t<\/div>\n\t\t<\/div>\n\t\t\t\t\t<\/div>\n\t\t<\/section>\n\t\t\t\t<\/div>\n\t\t","protected":false},"excerpt":{"rendered":"<p>La ville de Begur est situ\u00e9e au sud-ouest de la province de G\u00e9rone, \u00e0 environ 60 km de la capitale (G\u00e9rone) et \u00e0 environ 75 km de la fronti\u00e8re avec la France. B\u00e9n\u00e9ficiant d&#8217;une situation privil\u00e9gi\u00e9e et baign\u00e9e par la mer M\u00e9diterran\u00e9e, elle jouit d&#8217;un climat tr\u00e8s agr\u00e9able.<br \/>\nSon climat m\u00e9diterran\u00e9en, r\u00e9sultant de la combinaison du climat oc\u00e9anique et du climat d\u00e9sertique, conf\u00e8re \u00e0 la ville une temp\u00e9rature tr\u00e8s stable et agr\u00e9able tout au long de l&#8217;ann\u00e9e, avec peu de pr\u00e9cipitations, de sorte que n&#8217;importe quelle p\u00e9riode de l&#8217;ann\u00e9e est propice \u00e0 la visite de la ville.<br \/>\nLa temp\u00e9rature moyenne est d&#8217;environ 18 \u00b0C tout au long de l&#8217;ann\u00e9e et il n&#8217;y a que 50 jours de pr\u00e9cipitations. Si vous envisagez de visiter Begur et que vous voulez \u00eatre s\u00fbr d&#8217;avoir tout ce qu&#8217;il faut dans votre valise, voici le temps qu&#8217;il fait \u00e0 Begur pendant les diff\u00e9rentes saisons de l&#8217;ann\u00e9e.<\/p>\n","protected":false},"author":2,"featured_media":6870,"comment_status":"open","ping_status":"open","sticky":false,"template":"","format":"standard","meta":{"footnotes":""},"categories":[10],"tags":[256,254,255,249,253,251,250,220,244],"class_list":["post-8183","post","type-post","status-publish","format-standard","has-post-thumbnail","hentry","category-non-classifiee","tag-lautomne-a-begur-et-le-printemps-a-begur","tag-lete-a-begur","tag-lhiver-a-begur","tag-le-temps-a-begur","tag-meteo-de-begur","tag-pluie-begur","tag-previsions-meteorologiques-de-begur","tag-temperatura-begur","tag-temperature-begur"],"yoast_head":"<!-- This site is optimized with the Yoast SEO plugin v27.5 - https:\/\/yoast.com\/product\/yoast-seo-wordpress\/ -->\n<title>La m\u00e9t\u00e9o \u00e0 Begur, Costa Brava | Domus Begur<\/title>\n<meta name=\"description\" content=\"D\u00e9couvrez la m\u00e9t\u00e9o de Begur. Nous vous offrons les pr\u00e9visions m\u00e9t\u00e9orologiques pour Begur afin que vous veniez visiter cette belle ville bien pr\u00e9par\u00e9e.\" \/>\n<meta name=\"robots\" content=\"index, follow, max-snippet:-1, max-image-preview:large, max-video-preview:-1\" \/>\n<link rel=\"canonical\" href=\"https:\/\/www.domusbegur.com\/fr\/le-temps-a-begur\/\" \/>\n<meta property=\"og:locale\" content=\"fr_FR\" \/>\n<meta property=\"og:type\" content=\"article\" \/>\n<meta property=\"og:title\" content=\"La m\u00e9t\u00e9o \u00e0 Begur, Costa Brava | Domus Begur\" \/>\n<meta property=\"og:description\" content=\"D\u00e9couvrez la m\u00e9t\u00e9o de Begur. Nous vous offrons les pr\u00e9visions m\u00e9t\u00e9orologiques pour Begur afin que vous veniez visiter cette belle ville bien pr\u00e9par\u00e9e.\" \/>\n<meta property=\"og:url\" content=\"https:\/\/www.domusbegur.com\/fr\/le-temps-a-begur\/\" \/>\n<meta property=\"og:site_name\" content=\"Domus Begur - Servicios Inmobiliarios\" \/>\n<meta property=\"article:published_time\" content=\"2023-03-28T11:56:55+00:00\" \/>\n<meta property=\"article:modified_time\" content=\"2023-03-28T11:56:56+00:00\" \/>\n<meta property=\"og:image\" content=\"https:\/\/www.domusbegur.com\/wp-content\/uploads\/2020\/12\/domus-begur-que-hacer-invierno-begur.jpg\" \/>\n\t<meta property=\"og:image:width\" content=\"1280\" \/>\n\t<meta property=\"og:image:height\" content=\"720\" \/>\n\t<meta property=\"og:image:type\" content=\"image\/jpeg\" \/>\n<meta name=\"author\" content=\"Jimmy van der Velden\" \/>\n<meta name=\"twitter:card\" content=\"summary_large_image\" \/>\n<meta name=\"twitter:label1\" content=\"\u00c9crit par\" \/>\n\t<meta name=\"twitter:data1\" content=\"Jimmy van der Velden\" \/>\n\t<meta name=\"twitter:label2\" content=\"Dur\u00e9e de lecture estim\u00e9e\" \/>\n\t<meta name=\"twitter:data2\" content=\"5 minutes\" \/>\n<script type=\"application\/ld+json\" class=\"yoast-schema-graph\">{\"@context\":\"https:\\\/\\\/schema.org\",\"@graph\":[{\"@type\":\"Article\",\"@id\":\"https:\\\/\\\/www.domusbegur.com\\\/fr\\\/le-temps-a-begur\\\/#article\",\"isPartOf\":{\"@id\":\"https:\\\/\\\/www.domusbegur.com\\\/fr\\\/le-temps-a-begur\\\/\"},\"author\":{\"name\":\"Jimmy van der Velden\",\"@id\":\"https:\\\/\\\/www.domusbegur.com\\\/fr\\\/#\\\/schema\\\/person\\\/5f12b46c02215760f92ae7cddd1e7086\"},\"headline\":\"Le temps \u00e0 Begur\",\"datePublished\":\"2023-03-28T11:56:55+00:00\",\"dateModified\":\"2023-03-28T11:56:56+00:00\",\"mainEntityOfPage\":{\"@id\":\"https:\\\/\\\/www.domusbegur.com\\\/fr\\\/le-temps-a-begur\\\/\"},\"wordCount\":884,\"commentCount\":0,\"publisher\":{\"@id\":\"https:\\\/\\\/www.domusbegur.com\\\/fr\\\/#organization\"},\"image\":{\"@id\":\"https:\\\/\\\/www.domusbegur.com\\\/fr\\\/le-temps-a-begur\\\/#primaryimage\"},\"thumbnailUrl\":\"https:\\\/\\\/www.domusbegur.com\\\/wp-content\\\/uploads\\\/2020\\\/12\\\/domus-begur-que-hacer-invierno-begur.jpg\",\"keywords\":[\"l'automne \u00e0 begur et le printemps \u00e0 begur.\",\"l'\u00e9t\u00e9 \u00e0 begur\",\"l'hiver \u00e0 begur\",\"Le temps \u00e0 begur\",\"m\u00e9t\u00e9o de begur\",\"pluie begur\",\"pr\u00e9visions m\u00e9t\u00e9orologiques de begur\",\"temperatura begur\",\"temperature begur\"],\"articleSection\":[\"Non classifi\u00e9(e)\"],\"inLanguage\":\"fr-FR\",\"potentialAction\":[{\"@type\":\"CommentAction\",\"name\":\"Comment\",\"target\":[\"https:\\\/\\\/www.domusbegur.com\\\/fr\\\/le-temps-a-begur\\\/#respond\"]}]},{\"@type\":\"WebPage\",\"@id\":\"https:\\\/\\\/www.domusbegur.com\\\/fr\\\/le-temps-a-begur\\\/\",\"url\":\"https:\\\/\\\/www.domusbegur.com\\\/fr\\\/le-temps-a-begur\\\/\",\"name\":\"La m\u00e9t\u00e9o \u00e0 Begur, Costa Brava | Domus Begur\",\"isPartOf\":{\"@id\":\"https:\\\/\\\/www.domusbegur.com\\\/fr\\\/#website\"},\"primaryImageOfPage\":{\"@id\":\"https:\\\/\\\/www.domusbegur.com\\\/fr\\\/le-temps-a-begur\\\/#primaryimage\"},\"image\":{\"@id\":\"https:\\\/\\\/www.domusbegur.com\\\/fr\\\/le-temps-a-begur\\\/#primaryimage\"},\"thumbnailUrl\":\"https:\\\/\\\/www.domusbegur.com\\\/wp-content\\\/uploads\\\/2020\\\/12\\\/domus-begur-que-hacer-invierno-begur.jpg\",\"datePublished\":\"2023-03-28T11:56:55+00:00\",\"dateModified\":\"2023-03-28T11:56:56+00:00\",\"description\":\"D\u00e9couvrez la m\u00e9t\u00e9o de Begur. Nous vous offrons les pr\u00e9visions m\u00e9t\u00e9orologiques pour Begur afin que vous veniez visiter cette belle ville bien pr\u00e9par\u00e9e.\",\"breadcrumb\":{\"@id\":\"https:\\\/\\\/www.domusbegur.com\\\/fr\\\/le-temps-a-begur\\\/#breadcrumb\"},\"inLanguage\":\"fr-FR\",\"potentialAction\":[{\"@type\":\"ReadAction\",\"target\":[\"https:\\\/\\\/www.domusbegur.com\\\/fr\\\/le-temps-a-begur\\\/\"]}]},{\"@type\":\"BreadcrumbList\",\"@id\":\"https:\\\/\\\/www.domusbegur.com\\\/fr\\\/le-temps-a-begur\\\/#breadcrumb\",\"itemListElement\":[{\"@type\":\"ListItem\",\"position\":1,\"name\":\"Inicio\",\"item\":\"https:\\\/\\\/www.domusbegur.com\\\/fr\\\/\"},{\"@type\":\"ListItem\",\"position\":2,\"name\":\"Le temps \u00e0 Begur\"}]},{\"@type\":\"WebSite\",\"@id\":\"https:\\\/\\\/www.domusbegur.com\\\/fr\\\/#website\",\"url\":\"https:\\\/\\\/www.domusbegur.com\\\/fr\\\/\",\"name\":\"Domus Begur - Servicios Inmobiliarios\",\"description\":\"La mejor selecci\u00f3n de casas y apartamentos en la Costa Brava\",\"publisher\":{\"@id\":\"https:\\\/\\\/www.domusbegur.com\\\/fr\\\/#organization\"},\"potentialAction\":[{\"@type\":\"SearchAction\",\"target\":{\"@type\":\"EntryPoint\",\"urlTemplate\":\"https:\\\/\\\/www.domusbegur.com\\\/rental-results\\\/?search_text={search_term_string}\"},\"query-input\":{\"@type\":\"PropertyValueSpecification\",\"valueRequired\":true,\"valueName\":\"search_term_string\"}}],\"inLanguage\":\"fr-FR\"},{\"@type\":\"Organization\",\"@id\":\"https:\\\/\\\/www.domusbegur.com\\\/fr\\\/#organization\",\"name\":\"Domus Begur - Serveis Immobiliaris\",\"url\":\"https:\\\/\\\/www.domusbegur.com\\\/fr\\\/\",\"logo\":{\"@type\":\"ImageObject\",\"inLanguage\":\"fr-FR\",\"@id\":\"https:\\\/\\\/www.domusbegur.com\\\/fr\\\/#\\\/schema\\\/logo\\\/image\\\/\",\"url\":\"https:\\\/\\\/www.domusbegur.com\\\/wp-content\\\/uploads\\\/2020\\\/02\\\/Logo_domus.png\",\"contentUrl\":\"https:\\\/\\\/www.domusbegur.com\\\/wp-content\\\/uploads\\\/2020\\\/02\\\/Logo_domus.png\",\"width\":166,\"height\":173,\"caption\":\"Domus Begur - Serveis Immobiliaris\"},\"image\":{\"@id\":\"https:\\\/\\\/www.domusbegur.com\\\/fr\\\/#\\\/schema\\\/logo\\\/image\\\/\"}},{\"@type\":\"Person\",\"@id\":\"https:\\\/\\\/www.domusbegur.com\\\/fr\\\/#\\\/schema\\\/person\\\/5f12b46c02215760f92ae7cddd1e7086\",\"name\":\"Jimmy van der Velden\",\"image\":{\"@type\":\"ImageObject\",\"inLanguage\":\"fr-FR\",\"@id\":\"https:\\\/\\\/secure.gravatar.com\\\/avatar\\\/5a3618c0c9ab5904487e6b7a51124dcf7b589fb56304d29e76511688741d7330?s=96&d=mm&r=g\",\"url\":\"https:\\\/\\\/secure.gravatar.com\\\/avatar\\\/5a3618c0c9ab5904487e6b7a51124dcf7b589fb56304d29e76511688741d7330?s=96&d=mm&r=g\",\"contentUrl\":\"https:\\\/\\\/secure.gravatar.com\\\/avatar\\\/5a3618c0c9ab5904487e6b7a51124dcf7b589fb56304d29e76511688741d7330?s=96&d=mm&r=g\",\"caption\":\"Jimmy van der Velden\"},\"sameAs\":[\"https:\\\/\\\/www.domusbegur.com\"],\"url\":\"https:\\\/\\\/www.domusbegur.com\\\/fr\\\/author\\\/domus-begur\\\/\"}]}<\/script>\n<!-- \/ Yoast SEO plugin. -->","yoast_head_json":{"title":"La m\u00e9t\u00e9o \u00e0 Begur, Costa Brava | Domus Begur","description":"D\u00e9couvrez la m\u00e9t\u00e9o de Begur. Nous vous offrons les pr\u00e9visions m\u00e9t\u00e9orologiques pour Begur afin que vous veniez visiter cette belle ville bien pr\u00e9par\u00e9e.","robots":{"index":"index","follow":"follow","max-snippet":"max-snippet:-1","max-image-preview":"max-image-preview:large","max-video-preview":"max-video-preview:-1"},"canonical":"https:\/\/www.domusbegur.com\/fr\/le-temps-a-begur\/","og_locale":"fr_FR","og_type":"article","og_title":"La m\u00e9t\u00e9o \u00e0 Begur, Costa Brava | Domus Begur","og_description":"D\u00e9couvrez la m\u00e9t\u00e9o de Begur. Nous vous offrons les pr\u00e9visions m\u00e9t\u00e9orologiques pour Begur afin que vous veniez visiter cette belle ville bien pr\u00e9par\u00e9e.","og_url":"https:\/\/www.domusbegur.com\/fr\/le-temps-a-begur\/","og_site_name":"Domus Begur - Servicios Inmobiliarios","article_published_time":"2023-03-28T11:56:55+00:00","article_modified_time":"2023-03-28T11:56:56+00:00","og_image":[{"width":1280,"height":720,"url":"https:\/\/www.domusbegur.com\/wp-content\/uploads\/2020\/12\/domus-begur-que-hacer-invierno-begur.jpg","type":"image\/jpeg"}],"author":"Jimmy van der Velden","twitter_card":"summary_large_image","twitter_misc":{"\u00c9crit par":"Jimmy van der Velden","Dur\u00e9e de lecture estim\u00e9e":"5 minutes"},"schema":{"@context":"https:\/\/schema.org","@graph":[{"@type":"Article","@id":"https:\/\/www.domusbegur.com\/fr\/le-temps-a-begur\/#article","isPartOf":{"@id":"https:\/\/www.domusbegur.com\/fr\/le-temps-a-begur\/"},"author":{"name":"Jimmy van der Velden","@id":"https:\/\/www.domusbegur.com\/fr\/#\/schema\/person\/5f12b46c02215760f92ae7cddd1e7086"},"headline":"Le temps \u00e0 Begur","datePublished":"2023-03-28T11:56:55+00:00","dateModified":"2023-03-28T11:56:56+00:00","mainEntityOfPage":{"@id":"https:\/\/www.domusbegur.com\/fr\/le-temps-a-begur\/"},"wordCount":884,"commentCount":0,"publisher":{"@id":"https:\/\/www.domusbegur.com\/fr\/#organization"},"image":{"@id":"https:\/\/www.domusbegur.com\/fr\/le-temps-a-begur\/#primaryimage"},"thumbnailUrl":"https:\/\/www.domusbegur.com\/wp-content\/uploads\/2020\/12\/domus-begur-que-hacer-invierno-begur.jpg","keywords":["l'automne \u00e0 begur et le printemps \u00e0 begur.","l'\u00e9t\u00e9 \u00e0 begur","l'hiver \u00e0 begur","Le temps \u00e0 begur","m\u00e9t\u00e9o de begur","pluie begur","pr\u00e9visions m\u00e9t\u00e9orologiques de begur","temperatura begur","temperature begur"],"articleSection":["Non classifi\u00e9(e)"],"inLanguage":"fr-FR","potentialAction":[{"@type":"CommentAction","name":"Comment","target":["https:\/\/www.domusbegur.com\/fr\/le-temps-a-begur\/#respond"]}]},{"@type":"WebPage","@id":"https:\/\/www.domusbegur.com\/fr\/le-temps-a-begur\/","url":"https:\/\/www.domusbegur.com\/fr\/le-temps-a-begur\/","name":"La m\u00e9t\u00e9o \u00e0 Begur, Costa Brava | Domus Begur","isPartOf":{"@id":"https:\/\/www.domusbegur.com\/fr\/#website"},"primaryImageOfPage":{"@id":"https:\/\/www.domusbegur.com\/fr\/le-temps-a-begur\/#primaryimage"},"image":{"@id":"https:\/\/www.domusbegur.com\/fr\/le-temps-a-begur\/#primaryimage"},"thumbnailUrl":"https:\/\/www.domusbegur.com\/wp-content\/uploads\/2020\/12\/domus-begur-que-hacer-invierno-begur.jpg","datePublished":"2023-03-28T11:56:55+00:00","dateModified":"2023-03-28T11:56:56+00:00","description":"D\u00e9couvrez la m\u00e9t\u00e9o de Begur. Nous vous offrons les pr\u00e9visions m\u00e9t\u00e9orologiques pour Begur afin que vous veniez visiter cette belle ville bien pr\u00e9par\u00e9e.","breadcrumb":{"@id":"https:\/\/www.domusbegur.com\/fr\/le-temps-a-begur\/#breadcrumb"},"inLanguage":"fr-FR","potentialAction":[{"@type":"ReadAction","target":["https:\/\/www.domusbegur.com\/fr\/le-temps-a-begur\/"]}]},{"@type":"BreadcrumbList","@id":"https:\/\/www.domusbegur.com\/fr\/le-temps-a-begur\/#breadcrumb","itemListElement":[{"@type":"ListItem","position":1,"name":"Inicio","item":"https:\/\/www.domusbegur.com\/fr\/"},{"@type":"ListItem","position":2,"name":"Le temps \u00e0 Begur"}]},{"@type":"WebSite","@id":"https:\/\/www.domusbegur.com\/fr\/#website","url":"https:\/\/www.domusbegur.com\/fr\/","name":"Domus Begur - Servicios Inmobiliarios","description":"La mejor selecci\u00f3n de casas y apartamentos en la Costa Brava","publisher":{"@id":"https:\/\/www.domusbegur.com\/fr\/#organization"},"potentialAction":[{"@type":"SearchAction","target":{"@type":"EntryPoint","urlTemplate":"https:\/\/www.domusbegur.com\/rental-results\/?search_text={search_term_string}"},"query-input":{"@type":"PropertyValueSpecification","valueRequired":true,"valueName":"search_term_string"}}],"inLanguage":"fr-FR"},{"@type":"Organization","@id":"https:\/\/www.domusbegur.com\/fr\/#organization","name":"Domus Begur - Serveis Immobiliaris","url":"https:\/\/www.domusbegur.com\/fr\/","logo":{"@type":"ImageObject","inLanguage":"fr-FR","@id":"https:\/\/www.domusbegur.com\/fr\/#\/schema\/logo\/image\/","url":"https:\/\/www.domusbegur.com\/wp-content\/uploads\/2020\/02\/Logo_domus.png","contentUrl":"https:\/\/www.domusbegur.com\/wp-content\/uploads\/2020\/02\/Logo_domus.png","width":166,"height":173,"caption":"Domus Begur - Serveis Immobiliaris"},"image":{"@id":"https:\/\/www.domusbegur.com\/fr\/#\/schema\/logo\/image\/"}},{"@type":"Person","@id":"https:\/\/www.domusbegur.com\/fr\/#\/schema\/person\/5f12b46c02215760f92ae7cddd1e7086","name":"Jimmy van der Velden","image":{"@type":"ImageObject","inLanguage":"fr-FR","@id":"https:\/\/secure.gravatar.com\/avatar\/5a3618c0c9ab5904487e6b7a51124dcf7b589fb56304d29e76511688741d7330?s=96&d=mm&r=g","url":"https:\/\/secure.gravatar.com\/avatar\/5a3618c0c9ab5904487e6b7a51124dcf7b589fb56304d29e76511688741d7330?s=96&d=mm&r=g","contentUrl":"https:\/\/secure.gravatar.com\/avatar\/5a3618c0c9ab5904487e6b7a51124dcf7b589fb56304d29e76511688741d7330?s=96&d=mm&r=g","caption":"Jimmy van der Velden"},"sameAs":["https:\/\/www.domusbegur.com"],"url":"https:\/\/www.domusbegur.com\/fr\/author\/domus-begur\/"}]}},"_links":{"self":[{"href":"https:\/\/www.domusbegur.com\/fr\/wp-json\/wp\/v2\/posts\/8183","targetHints":{"allow":["GET"]}}],"collection":[{"href":"https:\/\/www.domusbegur.com\/fr\/wp-json\/wp\/v2\/posts"}],"about":[{"href":"https:\/\/www.domusbegur.com\/fr\/wp-json\/wp\/v2\/types\/post"}],"author":[{"embeddable":true,"href":"https:\/\/www.domusbegur.com\/fr\/wp-json\/wp\/v2\/users\/2"}],"replies":[{"embeddable":true,"href":"https:\/\/www.domusbegur.com\/fr\/wp-json\/wp\/v2\/comments?post=8183"}],"version-history":[{"count":5,"href":"https:\/\/www.domusbegur.com\/fr\/wp-json\/wp\/v2\/posts\/8183\/revisions"}],"predecessor-version":[{"id":8282,"href":"https:\/\/www.domusbegur.com\/fr\/wp-json\/wp\/v2\/posts\/8183\/revisions\/8282"}],"wp:featuredmedia":[{"embeddable":true,"href":"https:\/\/www.domusbegur.com\/fr\/wp-json\/wp\/v2\/media\/6870"}],"wp:attachment":[{"href":"https:\/\/www.domusbegur.com\/fr\/wp-json\/wp\/v2\/media?parent=8183"}],"wp:term":[{"taxonomy":"category","embeddable":true,"href":"https:\/\/www.domusbegur.com\/fr\/wp-json\/wp\/v2\/categories?post=8183"},{"taxonomy":"post_tag","embeddable":true,"href":"https:\/\/www.domusbegur.com\/fr\/wp-json\/wp\/v2\/tags?post=8183"}],"curies":[{"name":"wp","href":"https:\/\/api.w.org\/{rel}","templated":true}]}}